{"id":2340,"date":"2026-04-29T06:29:29","date_gmt":"2026-04-29T09:29:29","guid":{"rendered":"https:\/\/vagas.portalemprego.com.br\/?p=2340"},"modified":"2026-04-29T06:29:29","modified_gmt":"2026-04-29T09:29:29","slug":"vendedor-externo-comercial-vendas-itaperuna","status":"publish","type":"post","link":"https:\/\/vagas.portalemprego.com.br\/?p=2340","title":{"rendered":"Vendedor Externo &#8211; Comercial, Vendas &#8211; Itaperuna"},"content":{"rendered":"<p>Vendedor\u00a0Externo<br \/>\nQuer\u00a0transformar\u00a0desafios\u00a0em\u00a0conquistas\u00a0e\u00a0crescer\u00a0junto\u00a0com\u00a0uma\u00a0empresa\u00a0l\u00edder\u00a0no\u00a0mercado?<br \/>\nSe\u00a0voc\u00ea\u00a0tem\u00a0paix\u00e3o\u00a0por\u00a0vendas,\u00a0gosta\u00a0de\u00a0desafios\u00a0e\u00a0quer\u00a0crescer\u00a0junto\u00a0com\u00a0uma\u00a0empresa\u00a0s\u00f3lida,\u00a0essa\u00a0oportunidade\u00a0\u00e9\u00a0para\u00a0voc\u00ea!\u00a0Buscamos\u00a0um\u00a0profissional\u00a0para\u00a0atuar\u00a0como\u00a0Vendedor\u00a0Externo,\u00a0respons\u00e1vel\u00a0por\u00a0executar\u00a0a\u00a0estrat\u00e9gia\u00a0comercial\u00a0da\u00a0companhia,\u00a0garantindo\u00a0a\u00a0satisfa\u00e7\u00e3o\u00a0dos\u00a0clientes\u00a0e\u00a0o\u00a0crescimento\u00a0sustent\u00e1vel\u00a0da\u00a0carteira.<\/p>\n<p>O\u00a0que\u00a0voc\u00ea\u00a0vai\u00a0fazer\u00a0no\u00a0dia\u00a0a\u00a0dia:<\/p>\n<p>\u2022\u00a0Colocar\u00a0em\u00a0pr\u00e1tica\u00a0as\u00a0estrat\u00e9gias\u00a0comerciais\u00a0da\u00a0empresa\u00a0e\u00a0divis\u00e3o\u00a0de\u00a0atua\u00e7\u00e3o;<br \/>\n\u2022\u00a0Cumprir\u00a0as\u00a0metas\u00a0de\u00a0vendas\u00a0e\u00a0gerar\u00a0rentabilidade\u00a0da\u00a0sua\u00a0\u00e1rea;<br \/>\n\u2022\u00a0Promover\u00a0a\u00a0expans\u00e3o\u00a0dos\u00a0neg\u00f3cios\u00a0atrav\u00e9s\u00a0da\u00a0prospec\u00e7\u00e3o\u00a0e\u00a0reativa\u00e7\u00e3o\u00a0de\u00a0clientes;<br \/>\n\u2022\u00a0Planejar\u00a0e\u00a0realizar\u00a0visitas\u00a0mensais\u00a0\u00e0\u00a0carteira\u00a0de\u00a0clientes,\u00a0com\u00a0base\u00a0em\u00a0roteiro\u00a0estrat\u00e9gico,\u00a0garantindo\u00a0o\u00a0atendimento\u00a0mensal\u00a0de\u00a0100%\u00a0da\u00a0carteira.<br \/>\n\u2022\u00a0Realizar\u00a0vendas\u00a0consultivas,\u00a0recomendando\u00a0solu\u00e7\u00f5es\u00a0adequadas\u00a0ao\u00a0perfil\u00a0e\u00a0necessidade\u00a0do\u00a0cliente;<br \/>\n\u2022\u00a0Registrar\u00a0e\u00a0reportar\u00a0todas\u00a0as\u00a0atividades\u00a0di\u00e1rias,\u00a0visitas,\u00a0vendas\u00a0e\u00a0informa\u00e7\u00f5es\u00a0de\u00a0campo\u00a0por\u00a0meio\u00a0das\u00a0ferramentas\u00a0e\u00a0sistemas\u00a0da\u00a0empresa;<br \/>\n\u2022\u00a0Manter\u00a0postura\u00a0\u00e9tica,\u00a0profissional\u00a0e\u00a0alinhada\u00a0aos\u00a0valores\u00a0e\u00a0diretrizes\u00a0da\u00a0empresa\u00a0em\u00a0todos\u00a0os\u00a0momentos\u00a0da\u00a0atua\u00e7\u00e3o\u00a0em\u00a0campo.<\/p>\n<p>O\u00a0que\u00a0esperamos\u00a0de\u00a0voc\u00ea:<\/p>\n<p>\u2022\u00a0Ensino\u00a0M\u00e9dio\u00a0completo;<br \/>\n\u2022\u00a0Experi\u00eancia\u00a0em\u00a0vendas\u00a0externas;<br \/>\n\u2022\u00a0Conhecimentos\u00a0em\u00a0pacote\u00a0Office\u00a0e\u00a0ferramentas\u00a0digitais;<br \/>\n\u2022\u00a0Desej\u00e1vel\u00a0viv\u00eancia\u00a0com\u00a0produtos\u00a0t\u00e9cnicos;<br \/>\n\u2022\u00a0Perfil\u00a0resiliente,\u00a0orientado\u00a0para\u00a0resultados\u00a0e\u00a0com\u00a0forte\u00a0foco\u00a0no\u00a0cliente.<\/p>\n<p>O\u00a0que\u00a0voc\u00ea\u00a0encontra\u00a0aqui:<\/p>\n<p>\u2022\u00a0Remunera\u00e7\u00e3o\u00a0fixo\u00a0compat\u00edvel\u00a0+\u00a0comiss\u00f5es\u00a0e\u00a0pr\u00eamios;<br \/>\n\u2022\u00a0Benef\u00edcios\u00a0(plano\u00a0de\u00a0sa\u00fade,\u00a0plano\u00a0odontol\u00f3gico,\u00a0vale\u00a0refei\u00e7\u00e3o,\u00a0seguro\u00a0de\u00a0vida,\u00a0Welhub,\u00a0conv\u00eanio\u00a0com\u00a0institui\u00e7\u00f5es\u00a0de\u00a0ensino,\u00a0entre\u00a0outros;<br \/>\n\u2022\u00a0Capacita\u00e7\u00e3o\u00a0t\u00e9cnica\u00a0e\u00a0comercial;<br \/>\n\u2022\u00a0Ve\u00edculo\u00a0dispon\u00edvel\u00a0para\u00a0o\u00a0trabalho\u00a0e\u00a0cart\u00e3o\u00a0combust\u00edvel;<br \/>\n\u2022\u00a0Ambiente\u00a0que\u00a0valoriza\u00a0pessoas\u00a0e\u00a0reconhece\u00a0resultados;<br \/>\n\u2022\u00a0Incentivos\u00a0internos\u00a0por\u00a0campanhas.<\/p>\n<p>Se\u00a0voc\u00ea\u00a0\u00e9\u00a0movido\u00a0por\u00a0resultados\u00a0e\u00a0quer\u00a0trilhar\u00a0uma\u00a0carreira\u00a0s\u00f3lida,\u00a0vem\u00a0fazer\u00a0parte\u00a0da\u00a0Wurth!<\/p>\n<p>Curtiu?\u00a0Cadastre\u00a0seu\u00a0curr\u00edculo\u00a0e\u00a0venha\u00a0fazer\u00a0parte\u00a0do\u00a0nosso\u00a0time!<\/p>\n<ul>\n<li>Local de trabalho: Itaperuna, RJ<\/li>\n<li>Regime de contrata\u00e7\u00e3o de tipo: Efetivo \u2013 CLT<\/li>\n<li>Jornada: Per\u00edodo Integral<\/li>\n<li>\u00c1rea e especializa\u00e7\u00e3o profissional: Comercial, Vendas &#8211; Venda Externa<\/li>\n<li>N\u00edvel hier\u00e1rquico: Consultor<\/li>\n<\/ul>\n<p>VALORIZADO<\/p>\n<p>Tempo de experi\u00eancia: Entre 3 e 5 anos<\/p>\n<p>HABILIDADES<\/p>\n<ul>\n<li>experiencia em vendas<\/li>\n<li>disponibilidade a viagens<\/li>\n<li>visita porta a porta<\/li>\n<li>vendas externas<\/li>\n<li>CNH B com validade<\/li>\n<\/ul>\n<p>Escolaridade M\u00ednima: Ensino M\u00e9dio (2\u00ba Grau)<\/p>\n<p>Habilita\u00e7\u00e3o para dirigir: B<\/p>\n<p>Ve\u00edculo pr\u00f3prio<\/p>\n<p>Disponibilidade para viajar<\/p>\n<ul>\n<li>Aux\u00edlio combust\u00edvel<\/li>\n<li>Seguro de Vida<\/li>\n<li>Despesas com Viagens<\/li>\n<li>Hospedagem<\/li>\n<li>Vale-alimenta\u00e7\u00e3o<\/li>\n<li>Plano de Sa\u00fade<\/li>\n<li>Plano Odontol\u00f3gico<\/li>\n<\/ul>\n","protected":false},"excerpt":{"rendered":"<p>Vendedor\u00a0Externo Quer\u00a0transformar\u00a0desafios\u00a0em\u00a0conquistas\u00a0e\u00a0crescer\u00a0junto\u00a0com\u00a0uma\u00a0empresa\u00a0l\u00edder\u00a0no\u00a0mercado? Se\u00a0voc\u00ea\u00a0tem\u00a0paix\u00e3o\u00a0por\u00a0vendas,\u00a0gosta\u00a0de\u00a0desafios\u00a0e\u00a0quer\u00a0crescer\u00a0junto\u00a0com\u00a0uma\u00a0empresa\u00a0s\u00f3lida,\u00a0essa\u00a0oportunidade\u00a0\u00e9\u00a0para\u00a0voc\u00ea!\u00a0Buscamos\u00a0um\u00a0profissional\u00a0para\u00a0atuar\u00a0como\u00a0Vendedor\u00a0Externo,\u00a0respons\u00e1vel\u00a0por\u00a0executar\u00a0a\u00a0estrat\u00e9gia\u00a0comercial\u00a0da\u00a0companhia,\u00a0garantindo\u00a0a\u00a0satisfa\u00e7\u00e3o\u00a0dos\u00a0clientes\u00a0e\u00a0o\u00a0crescimento\u00a0sustent\u00e1vel\u00a0da\u00a0carteira. O\u00a0que\u00a0voc\u00ea\u00a0vai\u00a0fazer\u00a0no\u00a0dia\u00a0a\u00a0dia: \u2022\u00a0Colocar\u00a0em\u00a0pr\u00e1tica\u00a0as\u00a0estrat\u00e9gias\u00a0comerciais\u00a0da\u00a0empresa\u00a0e\u00a0divis\u00e3o\u00a0de\u00a0atua\u00e7\u00e3o; \u2022\u00a0Cumprir\u00a0as\u00a0metas\u00a0de\u00a0vendas\u00a0e\u00a0gerar\u00a0rentabilidade\u00a0da\u00a0sua\u00a0\u00e1rea; \u2022\u00a0Promover\u00a0a\u00a0expans\u00e3o\u00a0dos\u00a0neg\u00f3cios\u00a0atrav\u00e9s\u00a0da\u00a0prospec\u00e7\u00e3o\u00a0e\u00a0reativa\u00e7\u00e3o\u00a0de\u00a0clientes; \u2022\u00a0Planejar\u00a0e\u00a0realizar\u00a0visitas\u00a0mensais\u00a0\u00e0\u00a0carteira\u00a0de\u00a0clientes,\u00a0com\u00a0base\u00a0em\u00a0roteiro\u00a0estrat\u00e9gico,\u00a0garantindo\u00a0o\u00a0atendimento\u00a0mensal\u00a0de\u00a0100%\u00a0da\u00a0carteira. \u2022\u00a0Realizar\u00a0vendas\u00a0consultivas,\u00a0recomendando\u00a0solu\u00e7\u00f5es\u00a0adequadas\u00a0ao\u00a0perfil\u00a0e\u00a0necessidade\u00a0do\u00a0cliente; \u2022\u00a0Registrar\u00a0e\u00a0reportar\u00a0todas\u00a0as\u00a0atividades\u00a0di\u00e1rias,\u00a0visitas,\u00a0vendas\u00a0e\u00a0informa\u00e7\u00f5es\u00a0de\u00a0campo\u00a0por\u00a0meio\u00a0das\u00a0ferramentas\u00a0e\u00a0sistemas\u00a0da\u00a0empresa; \u2022\u00a0Manter\u00a0postura\u00a0\u00e9tica,\u00a0profissional\u00a0e\u00a0alinhada\u00a0aos\u00a0valores\u00a0e\u00a0diretrizes\u00a0da\u00a0empresa\u00a0em\u00a0todos\u00a0os\u00a0momentos\u00a0da\u00a0atua\u00e7\u00e3o\u00a0em\u00a0campo. O\u00a0que\u00a0esperamos\u00a0de\u00a0voc\u00ea: \u2022\u00a0Ensino\u00a0M\u00e9dio\u00a0completo; \u2022\u00a0Experi\u00eancia\u00a0em\u00a0vendas\u00a0externas; \u2022\u00a0Conhecimentos\u00a0em\u00a0pacote\u00a0Office\u00a0e\u00a0ferramentas\u00a0digitais; \u2022\u00a0Desej\u00e1vel\u00a0viv\u00eancia\u00a0com\u00a0produtos\u00a0t\u00e9cnicos; \u2022\u00a0Perfil\u00a0resiliente,\u00a0orientado\u00a0para\u00a0resultados\u00a0e\u00a0com\u00a0forte\u00a0foco\u00a0no\u00a0cliente. O\u00a0que\u00a0voc\u00ea\u00a0encontra\u00a0aqui: \u2022\u00a0Remunera\u00e7\u00e3o\u00a0fixo\u00a0compat\u00edvel\u00a0+\u00a0comiss\u00f5es\u00a0e\u00a0pr\u00eamios; \u2022\u00a0Benef\u00edcios\u00a0(plano\u00a0de\u00a0sa\u00fade,\u00a0plano\u00a0odontol\u00f3gico,\u00a0vale\u00a0refei\u00e7\u00e3o,\u00a0seguro\u00a0de\u00a0vida,\u00a0Welhub,\u00a0conv\u00eanio\u00a0com\u00a0institui\u00e7\u00f5es\u00a0de\u00a0ensino,\u00a0entre\u00a0outros; \u2022\u00a0Capacita\u00e7\u00e3o\u00a0t\u00e9cnica\u00a0e\u00a0comercial; \u2022\u00a0Ve\u00edculo\u00a0dispon\u00edvel\u00a0para\u00a0o\u00a0trabalho\u00a0e\u00a0cart\u00e3o\u00a0combust\u00edvel; \u2022\u00a0Ambiente\u00a0que\u00a0valoriza\u00a0pessoas\u00a0e\u00a0reconhece\u00a0resultados; \u2022\u00a0Incentivos\u00a0internos\u00a0por\u00a0campanhas. Se\u00a0voc\u00ea\u00a0\u00e9\u00a0movido\u00a0por\u00a0resultados\u00a0e\u00a0quer\u00a0trilhar\u00a0uma\u00a0carreira\u00a0s\u00f3lida,\u00a0vem\u00a0fazer\u00a0parte\u00a0da\u00a0Wurth! Curtiu?\u00a0Cadastre\u00a0seu\u00a0curr\u00edculo\u00a0e\u00a0venha\u00a0fazer\u00a0parte\u00a0do\u00a0nosso\u00a0time! Local de trabalho: Itaperuna, RJ Regime de contrata\u00e7\u00e3o de tipo: Efetivo \u2013 CLT Jornada: Per\u00edodo Integral \u00c1rea e especializa\u00e7\u00e3o profissional: Comercial, Vendas &#8211; Venda Externa N\u00edvel hier\u00e1rquico: Consultor VALORIZADO [&hellip;]<\/p>\n","protected":false},"author":1,"featured_media":0,"comment_status":"open","ping_status":"open","sticky":false,"template":"","format":"standard","meta":{"footnotes":""},"categories":[21],"tags":[],"class_list":["post-2340","post","type-post","status-publish","format-standard","hentry","category-rio-de-janeiro-rj"],"_links":{"self":[{"href":"https:\/\/vagas.portalemprego.com.br\/index.php?rest_route=\/wp\/v2\/posts\/2340","targetHints":{"allow":["GET"]}}],"collection":[{"href":"https:\/\/vagas.portalemprego.com.br\/index.php?rest_route=\/wp\/v2\/posts"}],"about":[{"href":"https:\/\/vagas.portalemprego.com.br\/index.php?rest_route=\/wp\/v2\/types\/post"}],"author":[{"embeddable":true,"href":"https:\/\/vagas.portalemprego.com.br\/index.php?rest_route=\/wp\/v2\/users\/1"}],"replies":[{"embeddable":true,"href":"https:\/\/vagas.portalemprego.com.br\/index.php?rest_route=%2Fwp%2Fv2%2Fcomments&post=2340"}],"version-history":[{"count":0,"href":"https:\/\/vagas.portalemprego.com.br\/index.php?rest_route=\/wp\/v2\/posts\/2340\/revisions"}],"wp:attachment":[{"href":"https:\/\/vagas.portalemprego.com.br\/index.php?rest_route=%2Fwp%2Fv2%2Fmedia&parent=2340"}],"wp:term":[{"taxonomy":"category","embeddable":true,"href":"https:\/\/vagas.portalemprego.com.br\/index.php?rest_route=%2Fwp%2Fv2%2Fcategories&post=2340"},{"taxonomy":"post_tag","embeddable":true,"href":"https:\/\/vagas.portalemprego.com.br\/index.php?rest_route=%2Fwp%2Fv2%2Ftags&post=2340"}],"curies":[{"name":"wp","href":"https:\/\/api.w.org\/{rel}","templated":true}]}}