{"id":2343,"date":"2026-04-29T06:29:29","date_gmt":"2026-04-29T09:29:29","guid":{"rendered":"https:\/\/vagas.portalemprego.com.br\/?p=2343"},"modified":"2026-04-29T06:29:29","modified_gmt":"2026-04-29T09:29:29","slug":"motorista-de-caminhao-transportes-rio-de-janeiro-2","status":"publish","type":"post","link":"https:\/\/vagas.portalemprego.com.br\/?p=2343","title":{"rendered":"Motorista de Caminh\u00e3o &#8211; Transportes &#8211; Rio de Janeiro"},"content":{"rendered":"<p>Oportunidade: Estamos  em busca de um Motorista de Caminh\u00e3o para atuar em regime presencial.<br \/>\nFun\u00e7\u00f5es:<br \/>\nRealizar transporte de cargas em conformidade com as normas de seguran\u00e7a e regulamenta\u00e7\u00e3o vigente;<br \/>\nAcompanhar e registrar a documenta\u00e7\u00e3o necess\u00e1ria para o transporte;<br \/>\nCoordenar com equipes de carga e descarga;<br \/>\nGarantir a manuten\u00e7\u00e3o preventiva do ve\u00edculo.<\/p>\n<p>Requisitos:<br \/>\nExperi\u00eancia comprovada como Motorista de Caminh\u00e3o;<br \/>\nConhecimento em legisla\u00e7\u00e3o de tr\u00e2nsito;<br \/>\nCapacidade de gerenciar rotas e hor\u00e1rios de entrega;<br \/>\nDisponibilidade para viagens regionais, intermunicipais e interestaduais.<\/p>\n<p>Benef\u00edcios:<br \/>\nOferecemos sal\u00e1rio competitivo;<br \/>\nVoc\u00ea ter\u00e1 acesso a benef\u00edcios adicionais conforme a pol\u00edtica da empresa;<br \/>\nAmbiente de trabalho colaborativo e seguro.<\/p>\n<ul>\n<li>N\u00famero de vagas: 50<\/li>\n<li>Local de trabalho: Rio de Janeiro, RJ<\/li>\n<li>Regime de contrata\u00e7\u00e3o de tipo: Efetivo \u2013 CLT<\/li>\n<li>Jornada: Per\u00edodo Integral<\/li>\n<li>\u00c1rea e especializa\u00e7\u00e3o profissional: Transportes &#8211; Motorista &#8211; Hab D<\/li>\n<li>N\u00edvel hier\u00e1rquico: Operacional<\/li>\n<\/ul>\n<p>VALORIZADO<\/p>\n<p>Tempo de experi\u00eancia: Entre 1 e 3 anos<\/p>\n<p>Escolaridade M\u00ednima: Ensino Fundamental (1\u00ba grau)<\/p>\n","protected":false},"excerpt":{"rendered":"<p>Oportunidade: Estamos em busca de um Motorista de Caminh\u00e3o para atuar em regime presencial. Fun\u00e7\u00f5es: Realizar transporte de cargas em conformidade com as normas de seguran\u00e7a e regulamenta\u00e7\u00e3o vigente; Acompanhar e registrar a documenta\u00e7\u00e3o necess\u00e1ria para o transporte; Coordenar com equipes de carga e descarga; Garantir a manuten\u00e7\u00e3o preventiva do ve\u00edculo. Requisitos: Experi\u00eancia comprovada como [&hellip;]<\/p>\n","protected":false},"author":1,"featured_media":0,"comment_status":"open","ping_status":"open","sticky":false,"template":"","format":"standard","meta":{"footnotes":""},"categories":[21],"tags":[],"class_list":["post-2343","post","type-post","status-publish","format-standard","hentry","category-rio-de-janeiro-rj"],"_links":{"self":[{"href":"https:\/\/vagas.portalemprego.com.br\/index.php?rest_route=\/wp\/v2\/posts\/2343","targetHints":{"allow":["GET"]}}],"collection":[{"href":"https:\/\/vagas.portalemprego.com.br\/index.php?rest_route=\/wp\/v2\/posts"}],"about":[{"href":"https:\/\/vagas.portalemprego.com.br\/index.php?rest_route=\/wp\/v2\/types\/post"}],"author":[{"embeddable":true,"href":"https:\/\/vagas.portalemprego.com.br\/index.php?rest_route=\/wp\/v2\/users\/1"}],"replies":[{"embeddable":true,"href":"https:\/\/vagas.portalemprego.com.br\/index.php?rest_route=%2Fwp%2Fv2%2Fcomments&post=2343"}],"version-history":[{"count":0,"href":"https:\/\/vagas.portalemprego.com.br\/index.php?rest_route=\/wp\/v2\/posts\/2343\/revisions"}],"wp:attachment":[{"href":"https:\/\/vagas.portalemprego.com.br\/index.php?rest_route=%2Fwp%2Fv2%2Fmedia&parent=2343"}],"wp:term":[{"taxonomy":"category","embeddable":true,"href":"https:\/\/vagas.portalemprego.com.br\/index.php?rest_route=%2Fwp%2Fv2%2Fcategories&post=2343"},{"taxonomy":"post_tag","embeddable":true,"href":"https:\/\/vagas.portalemprego.com.br\/index.php?rest_route=%2Fwp%2Fv2%2Ftags&post=2343"}],"curies":[{"name":"wp","href":"https:\/\/api.w.org\/{rel}","templated":true}]}}