{"id":2345,"date":"2026-04-29T06:29:29","date_gmt":"2026-04-29T09:29:29","guid":{"rendered":"https:\/\/vagas.portalemprego.com.br\/?p=2345"},"modified":"2026-04-29T06:29:29","modified_gmt":"2026-04-29T09:29:29","slug":"assistente-de-recursos-humanos-recursos-humanos-niteroi","status":"publish","type":"post","link":"https:\/\/vagas.portalemprego.com.br\/?p=2345","title":{"rendered":"Assistente de Recursos Humanos &#8211; Recursos Humanos &#8211; Niter\u00f3i"},"content":{"rendered":"<p>Para conquistar um lugar em nosso time de Talentos, voc\u00ea precisa:<\/p>\n<p>\u2022\tSer comunicativo;<br \/>\n\u2022\tTer foco;<br \/>\n\u2022\tSer comprometido;<br \/>\n\u2022\tSer din\u00e2mico;<br \/>\n\u2022\tTrabalhar bem em equipe<br \/>\n\u2022\tTer disponibilidade de hor\u00e1rio;<br \/>\n\u2022\tResidir pr\u00f3ximo ao Centro de Niter\u00f3i;<br \/>\n\u2022\tMuita disposi\u00e7\u00e3o e vontade de aprender! <\/p>\n<p>Responsabilidades e Atribui\u00e7\u00f5es:<br \/>\n\u2022\tRecrutamento e Sele\u00e7\u00e3o de vagas de diferentes n\u00edveis hier\u00e1rquicos;<br \/>\n\u2022\tAcompanhamento de desenvolvimento de funcion\u00e1rios, por meio de feedbacks e indicadores;<br \/>\n\u2022\tAuxiliar a execu\u00e7\u00e3o dos procedimentos da \u00e1rea de recursos humanos, cargos e sal\u00e1rios e comunica\u00e7\u00e3o interna;<br \/>\n\u2022\tRealizar treinamentos comportamentais e de integra\u00e7\u00e3o;<br \/>\n\u2022\tElaborar relat\u00f3rios gerenciais do setor.<\/p>\n<p>Requisitos e Qualifica\u00e7\u00f5es:<br \/>\n\u2022\tEstar cursando ou ter conclu\u00eddo ensino superior da Administra\u00e7\u00e3o, Recursos Humanos ou Psicologia;<br \/>\n\u2022\tPossuir n\u00edvel de conhecimento b\u00e1sico\/intermedi\u00e1rio em e Excel;<br \/>\n\u2022\tTer atuado na \u00e1rea de Recrutamento e Sele\u00e7\u00e3o;<\/p>\n<p>Informa\u00e7\u00f5es Adicionais:<br \/>\nSAL\u00c1RIO: COMPAT\u00cdVEL COM O MERCADO<br \/>\nHOR\u00c1RIO: DE SEG A QUIN DE 08H \u00c0S 18H \u2013 SEX DE 08H \u00c0S 17H<br \/>\nFORMA DE TRABALHO: PRESENCIAL \/ CLT<\/p>\n<p>Nosso pacote de benef\u00edcios:<br \/>\nPara cuidar da sua sa\u00fade f\u00edsica e mental:<br \/>\n?\tPlano de Sa\u00fade;<br \/>\n?\tSeguro de Vida em Grupo;<br \/>\n?\tGympass;<br \/>\n?\tDesconto em farm\u00e1cias.<\/p>\n<p>Para apoiar o seu dia a dia:<\/p>\n<p>?\tVale Transporte;<br \/>\n?\tVale Refei\u00e7\u00e3o;<br \/>\n?\tOportunidade de trabalhar e trocar conhecimentos di\u00e1rios com um time incr\u00edvel e acolhedor;<br \/>\n?\tConv\u00eanio SESC;<br \/>\n?\tDesconto em lojas parceiras;<br \/>\n?\tAh, aqui celebramos o seu anivers\u00e1rio com o time, de uma maneira bem alegre e divertida.<\/p>\n<p>Para desenvolver sua carreira:<br \/>\n?\tPlano de carreira com possibilidades para diversas trilhas de crescimento;<br \/>\n?\tCultura de feedback e desenvolvimento;<br \/>\n?\tEduPass &#8211; Descontos em mais de 150 mil cursos online, para os nossos talentos;<br \/>\n?\tDesconto em institui\u00e7\u00e3o de n\u00edvel superior (Confirmar com o RH)<br \/>\n?\tUm ambiente de trabalho altamente colaborativo e desafiador.<\/p>\n<ul>\n<li>Local de trabalho: Niter\u00f3i, RJ<\/li>\n<li>Regime de contrata\u00e7\u00e3o de tipo: Efetivo \u2013 CLT<\/li>\n<li>Jornada: Per\u00edodo Integral<\/li>\n<li>\u00c1rea e especializa\u00e7\u00e3o profissional: Recursos Humanos &#8211; Recursos Humanos (Generalista)<\/li>\n<li>N\u00edvel hier\u00e1rquico: Assistente<\/li>\n<\/ul>\n<p>VALORIZADO<\/p>\n<p>Tempo de experi\u00eancia: Entre 1 e 3 anos<\/p>\n<p>HABILIDADES<\/p>\n<ul>\n<li>Foco<\/li>\n<li>Trabalho em equipe<\/li>\n<li>Din\u00e2mico<\/li>\n<li>Comunicativo<\/li>\n<li>Comprometido<\/li>\n<li>Organizado<\/li>\n<\/ul>\n<p>Escolaridade M\u00ednima: Ensino M\u00e9dio (2\u00ba Grau)<\/p>\n<p>Forma\u00e7\u00e3o desejada:<\/p>\n<ul>\n<li>Administra\u00e7\u00e3o de empresas, Ensino Superior<\/li>\n<li>Psicologia, Ensino Superior<\/li>\n<li>Gest\u00e3o de Recursos Humanos, Ensino Superior<\/li>\n<\/ul>\n<ul>\n<li>Sesc<\/li>\n<li>Desconto em lojas parceiras<\/li>\n<li>Desconto em  Farm\u00e1cia<\/li>\n<li>Gympass<\/li>\n<li>Plano de Sa\u00fade<\/li>\n<li>Vale Refei\u00e7\u00e3o<\/li>\n<\/ul>\n<p>Sal\u00e1rio: 2700,0<\/p>\n","protected":false},"excerpt":{"rendered":"<p>Para conquistar um lugar em nosso time de Talentos, voc\u00ea precisa: \u2022 Ser comunicativo; \u2022 Ter foco; \u2022 Ser comprometido; \u2022 Ser din\u00e2mico; \u2022 Trabalhar bem em equipe \u2022 Ter disponibilidade de hor\u00e1rio; \u2022 Residir pr\u00f3ximo ao Centro de Niter\u00f3i; \u2022 Muita disposi\u00e7\u00e3o e vontade de aprender! Responsabilidades e Atribui\u00e7\u00f5es: \u2022 Recrutamento e Sele\u00e7\u00e3o de [&hellip;]<\/p>\n","protected":false},"author":1,"featured_media":0,"comment_status":"open","ping_status":"open","sticky":false,"template":"","format":"standard","meta":{"footnotes":""},"categories":[21],"tags":[],"class_list":["post-2345","post","type-post","status-publish","format-standard","hentry","category-rio-de-janeiro-rj"],"_links":{"self":[{"href":"https:\/\/vagas.portalemprego.com.br\/index.php?rest_route=\/wp\/v2\/posts\/2345","targetHints":{"allow":["GET"]}}],"collection":[{"href":"https:\/\/vagas.portalemprego.com.br\/index.php?rest_route=\/wp\/v2\/posts"}],"about":[{"href":"https:\/\/vagas.portalemprego.com.br\/index.php?rest_route=\/wp\/v2\/types\/post"}],"author":[{"embeddable":true,"href":"https:\/\/vagas.portalemprego.com.br\/index.php?rest_route=\/wp\/v2\/users\/1"}],"replies":[{"embeddable":true,"href":"https:\/\/vagas.portalemprego.com.br\/index.php?rest_route=%2Fwp%2Fv2%2Fcomments&post=2345"}],"version-history":[{"count":0,"href":"https:\/\/vagas.portalemprego.com.br\/index.php?rest_route=\/wp\/v2\/posts\/2345\/revisions"}],"wp:attachment":[{"href":"https:\/\/vagas.portalemprego.com.br\/index.php?rest_route=%2Fwp%2Fv2%2Fmedia&parent=2345"}],"wp:term":[{"taxonomy":"category","embeddable":true,"href":"https:\/\/vagas.portalemprego.com.br\/index.php?rest_route=%2Fwp%2Fv2%2Fcategories&post=2345"},{"taxonomy":"post_tag","embeddable":true,"href":"https:\/\/vagas.portalemprego.com.br\/index.php?rest_route=%2Fwp%2Fv2%2Ftags&post=2345"}],"curies":[{"name":"wp","href":"https:\/\/api.w.org\/{rel}","templated":true}]}}