{"id":2346,"date":"2026-04-29T06:29:29","date_gmt":"2026-04-29T09:29:29","guid":{"rendered":"https:\/\/vagas.portalemprego.com.br\/?p=2346"},"modified":"2026-04-29T06:29:29","modified_gmt":"2026-04-29T09:29:29","slug":"assistente-administrativo-administracao-porto-real-2","status":"publish","type":"post","link":"https:\/\/vagas.portalemprego.com.br\/?p=2346","title":{"rendered":"Assistente administrativo &#8211; Administra\u00e7\u00e3o &#8211; Porto Real"},"content":{"rendered":"<p>?? Requisitos obrigat\u00f3rios:<br \/>\n\u2022 Ensino m\u00e9dio completo e ou cursando superior na \u00e1rea<br \/>\n\u2022 Residir em Resende ou Porto Real\/RJ;<br \/>\n\u2022 Experi\u00eancia em rotinas administrativas (controle de documentos, planilhas, relat\u00f3rios, suporte a equipes e\/ou gestores);<br \/>\n\u2022 Conhecimento no Pacote Office (principalmente Excel);<br \/>\n\u2022 Boa comunica\u00e7\u00e3o, organiza\u00e7\u00e3o e proatividade.<br \/>\n?? Atividades:<br \/>\n\u2022 Apoiar os processos administrativos da \u00e1rea;<br \/>\n\u2022 Controlar e atualizar relat\u00f3rios e planilhas;<br \/>\n\u2022 Dar suporte em demandas de log\u00edstica administrativa;<br \/>\n\u2022 Auxiliar na comunica\u00e7\u00e3o interna e no acompanhamento de atividades da \u00e1rea.<\/p>\n<p>Horario das 07:00h as 16:48 de segunda a sexta feira<br \/>\nvale refei\u00e7\u00e3o: R$27 por dia<br \/>\nvale alimenta\u00e7\u00e3o: R$250<br \/>\ntransporte fretado<\/p>\n<ul>\n<li>Local de trabalho: Porto Real, RJ<\/li>\n<li>Regime de contrata\u00e7\u00e3o de tipo: Efetivo \u2013 CLT<\/li>\n<li>Jornada: Per\u00edodo Integral<\/li>\n<li>\u00c1rea e especializa\u00e7\u00e3o profissional: Administra\u00e7\u00e3o &#8211; Administra\u00e7\u00e3o Geral<\/li>\n<li>N\u00edvel hier\u00e1rquico: Assistente<\/li>\n<\/ul>\n<p>VALORIZADO<\/p>\n<p>Tempo de experi\u00eancia: Entre 1 e 3 anos<\/p>\n<p>Escolaridade M\u00ednima: Ensino M\u00e9dio (2\u00ba Grau)<\/p>\n<ul>\n<li>Seguro de Vida<\/li>\n<li>vale transporte<\/li>\n<li>vale alimenta\u00e7\u00e3o<\/li>\n<li>vale refei\u00e7\u00e3o<\/li>\n<\/ul>\n<p>Sal\u00e1rio: 2200,0<\/p>\n","protected":false},"excerpt":{"rendered":"<p>?? Requisitos obrigat\u00f3rios: \u2022 Ensino m\u00e9dio completo e ou cursando superior na \u00e1rea \u2022 Residir em Resende ou Porto Real\/RJ; \u2022 Experi\u00eancia em rotinas administrativas (controle de documentos, planilhas, relat\u00f3rios, suporte a equipes e\/ou gestores); \u2022 Conhecimento no Pacote Office (principalmente Excel); \u2022 Boa comunica\u00e7\u00e3o, organiza\u00e7\u00e3o e proatividade. ?? Atividades: \u2022 Apoiar os processos administrativos [&hellip;]<\/p>\n","protected":false},"author":1,"featured_media":0,"comment_status":"open","ping_status":"open","sticky":false,"template":"","format":"standard","meta":{"footnotes":""},"categories":[21],"tags":[],"class_list":["post-2346","post","type-post","status-publish","format-standard","hentry","category-rio-de-janeiro-rj"],"_links":{"self":[{"href":"https:\/\/vagas.portalemprego.com.br\/index.php?rest_route=\/wp\/v2\/posts\/2346","targetHints":{"allow":["GET"]}}],"collection":[{"href":"https:\/\/vagas.portalemprego.com.br\/index.php?rest_route=\/wp\/v2\/posts"}],"about":[{"href":"https:\/\/vagas.portalemprego.com.br\/index.php?rest_route=\/wp\/v2\/types\/post"}],"author":[{"embeddable":true,"href":"https:\/\/vagas.portalemprego.com.br\/index.php?rest_route=\/wp\/v2\/users\/1"}],"replies":[{"embeddable":true,"href":"https:\/\/vagas.portalemprego.com.br\/index.php?rest_route=%2Fwp%2Fv2%2Fcomments&post=2346"}],"version-history":[{"count":0,"href":"https:\/\/vagas.portalemprego.com.br\/index.php?rest_route=\/wp\/v2\/posts\/2346\/revisions"}],"wp:attachment":[{"href":"https:\/\/vagas.portalemprego.com.br\/index.php?rest_route=%2Fwp%2Fv2%2Fmedia&parent=2346"}],"wp:term":[{"taxonomy":"category","embeddable":true,"href":"https:\/\/vagas.portalemprego.com.br\/index.php?rest_route=%2Fwp%2Fv2%2Fcategories&post=2346"},{"taxonomy":"post_tag","embeddable":true,"href":"https:\/\/vagas.portalemprego.com.br\/index.php?rest_route=%2Fwp%2Fv2%2Ftags&post=2346"}],"curies":[{"name":"wp","href":"https:\/\/api.w.org\/{rel}","templated":true}]}}