{"id":2350,"date":"2026-04-29T06:29:29","date_gmt":"2026-04-29T09:29:29","guid":{"rendered":"https:\/\/vagas.portalemprego.com.br\/?p=2350"},"modified":"2026-04-29T06:29:29","modified_gmt":"2026-04-29T09:29:29","slug":"vigilante-seguranca-seropedica","status":"publish","type":"post","link":"https:\/\/vagas.portalemprego.com.br\/?p=2350","title":{"rendered":"Vigilante &#8211; Seguran\u00e7a &#8211; Serop\u00e9dica"},"content":{"rendered":"<p>Estamos com vaga aberta para Vigilante- RT.<br \/>\nLocal: Atender os postos na regi\u00e3o de Santa Cruz, Campo Grande, Santissimo e Serop\u00e9dica. (Ter moto, ser\u00e1 pago ajuda de custo).<br \/>\nEscala: 5&#215;2<br \/>\n* Diurno: das 07h \u00e0s 16h48<br \/>\nSal\u00e1rio: R$ 2.034,15 + 30% de periculosidade<br \/>\nBenef\u00edcios:<br \/>\n* Vale Refei\u00e7\u00e3o (VR)<br \/>\n* Cesta B\u00e1sica<br \/>\n* Assist\u00eancia M\u00e9dica<br \/>\n* Seguro de Vida<\/p>\n<ul>\n<li>Local de trabalho: Serop\u00e9dica, RJ<\/li>\n<li>Regime de contrata\u00e7\u00e3o de tipo: Efetivo \u2013 CLT<\/li>\n<li>Jornada: Per\u00edodo Integral<\/li>\n<li>\u00c1rea e especializa\u00e7\u00e3o profissional: Seguran\u00e7a &#8211; Vigil\u00e2ncia<\/li>\n<li>N\u00edvel hier\u00e1rquico: Operacional<\/li>\n<\/ul>\n<p>Escolaridade M\u00ednima: Ensino M\u00e9dio (2\u00ba Grau)<\/p>\n","protected":false},"excerpt":{"rendered":"<p>Estamos com vaga aberta para Vigilante- RT. Local: Atender os postos na regi\u00e3o de Santa Cruz, Campo Grande, Santissimo e Serop\u00e9dica. (Ter moto, ser\u00e1 pago ajuda de custo). Escala: 5&#215;2 * Diurno: das 07h \u00e0s 16h48 Sal\u00e1rio: R$ 2.034,15 + 30% de periculosidade Benef\u00edcios: * Vale Refei\u00e7\u00e3o (VR) * Cesta B\u00e1sica * Assist\u00eancia M\u00e9dica * [&hellip;]<\/p>\n","protected":false},"author":1,"featured_media":0,"comment_status":"open","ping_status":"open","sticky":false,"template":"","format":"standard","meta":{"footnotes":""},"categories":[21],"tags":[],"class_list":["post-2350","post","type-post","status-publish","format-standard","hentry","category-rio-de-janeiro-rj"],"_links":{"self":[{"href":"https:\/\/vagas.portalemprego.com.br\/index.php?rest_route=\/wp\/v2\/posts\/2350","targetHints":{"allow":["GET"]}}],"collection":[{"href":"https:\/\/vagas.portalemprego.com.br\/index.php?rest_route=\/wp\/v2\/posts"}],"about":[{"href":"https:\/\/vagas.portalemprego.com.br\/index.php?rest_route=\/wp\/v2\/types\/post"}],"author":[{"embeddable":true,"href":"https:\/\/vagas.portalemprego.com.br\/index.php?rest_route=\/wp\/v2\/users\/1"}],"replies":[{"embeddable":true,"href":"https:\/\/vagas.portalemprego.com.br\/index.php?rest_route=%2Fwp%2Fv2%2Fcomments&post=2350"}],"version-history":[{"count":0,"href":"https:\/\/vagas.portalemprego.com.br\/index.php?rest_route=\/wp\/v2\/posts\/2350\/revisions"}],"wp:attachment":[{"href":"https:\/\/vagas.portalemprego.com.br\/index.php?rest_route=%2Fwp%2Fv2%2Fmedia&parent=2350"}],"wp:term":[{"taxonomy":"category","embeddable":true,"href":"https:\/\/vagas.portalemprego.com.br\/index.php?rest_route=%2Fwp%2Fv2%2Fcategories&post=2350"},{"taxonomy":"post_tag","embeddable":true,"href":"https:\/\/vagas.portalemprego.com.br\/index.php?rest_route=%2Fwp%2Fv2%2Ftags&post=2350"}],"curies":[{"name":"wp","href":"https:\/\/api.w.org\/{rel}","templated":true}]}}