{"id":2352,"date":"2026-04-29T06:29:29","date_gmt":"2026-04-29T09:29:29","guid":{"rendered":"https:\/\/vagas.portalemprego.com.br\/?p=2352"},"modified":"2026-04-29T06:29:29","modified_gmt":"2026-04-29T09:29:29","slug":"estagiario-de-direito-juridica-rio-de-janeiro-2","status":"publish","type":"post","link":"https:\/\/vagas.portalemprego.com.br\/?p=2352","title":{"rendered":"Estagi\u00e1rio de Direito &#8211; Jur\u00eddica &#8211; Rio de Janeiro"},"content":{"rendered":"<p>VAGA \u2013 ESTAGI\u00c1RIO(A) DE DIREITO<br \/>\nLocal: Barra da Tijuca \u2013 Rio de Janeiro\/RJ<br \/>\nModalidade: Presencial<br \/>\nRegime: Est\u00e1gio<br \/>\nHor\u00e1rio: 12h \u00e0s 18h<br \/>\nBolsa aux\u00edlio: R$ 1.350,00<br \/>\nBenef\u00edcios:<br \/>\n\u2022 Vale Refei\u00e7\u00e3o R$ 35,00 por dia (m\u00e9dia de R$ 770,00\/m\u00eas)<br \/>\n\u2022 Vale Transporte<br \/>\n\u2022 Plano Odontol\u00f3gico<br \/>\n\u2022 Seguro de Vida<br \/>\n\u2022 Incentivo \u00e0 capacita\u00e7\u00e3o<br \/>\n\u2022 Premia\u00e7\u00f5es em grupo<br \/>\nRemunera\u00e7\u00e3o total aproximada: R$ 2.120,00\/m\u00eas + VT + benef\u00edcios<br \/>\nPossibilidade de efetiva\u00e7\u00e3o: Advogado(a) J\u00fanior, mediante avalia\u00e7\u00e3o interna<br \/>\nSobre a oportunidade<br \/>\nEscrit\u00f3rio de advocacia com forte atua\u00e7\u00e3o em Direito Empresarial busca estudante de Direito entre o 5\u00ba e 7\u00ba per\u00edodo para integrar o time jur\u00eddico.<br \/>\nBuscamos uma pessoa com perfil proativo, resolutivo e com vontade real de crescimento, que goste de rotina din\u00e2mica, saiba trabalhar sob press\u00e3o e tenha interesse em se desenvolver em um ambiente de alta performance.<br \/>\nO principal diferencial para a vaga \u00e9 o fit com a equipe: queremos algu\u00e9m colaborativo, com boa postura profissional, facilidade para receber direcionamentos e que se encaixe bem em um time j\u00e1 alinhado e produtivo.<br \/>\nPrincipais atividades<\/p>\n<p>\u2022 Elabora\u00e7\u00e3o de peti\u00e7\u00f5es simples<br \/>\n\u2022 Protocolos e distribui\u00e7\u00f5es<br \/>\n\u2022 Atendimento em balc\u00e3o virtual<br \/>\n\u2022 Contato com cart\u00f3rios e serventu\u00e1rios<br \/>\n\u2022 Apoio em despachos<br \/>\n\u2022 Utiliza\u00e7\u00e3o dos sistemas internos do escrit\u00f3rio<br \/>\n\u2022 Organiza\u00e7\u00e3o e triagem de documentos<br \/>\n\u2022 Acompanhamento de prazos e andamentos processuais<br \/>\n\u2022 Apoio em dilig\u00eancias externas quando necess\u00e1rio<br \/>\nRequisitos<br \/>\n\u2022 Estar cursando Direito entre o 5\u00ba e 7\u00ba per\u00edodo<br \/>\n\u2022 Experi\u00eancia pr\u00e9via em escrit\u00f3rio de advocacia (obrigat\u00f3rio)<br \/>\n\u2022 Viv\u00eancia com contencioso de massa ser\u00e1 diferencial<br \/>\n\u2022 Boa escrita jur\u00eddica<br \/>\n\u2022 Organiza\u00e7\u00e3o e aten\u00e7\u00e3o aos detalhes<br \/>\n\u2022 Facilidade com sistemas e pacote Office<br \/>\n\u2022 Perfil proativo e solucionador<br \/>\n\u2022 Boa comunica\u00e7\u00e3o e postura profissional<br \/>\nDiferenciais<br \/>\n\u2022 Viv\u00eancia em escrit\u00f3rio empresarial<br \/>\n\u2022 Cursos na \u00e1rea empresarial<br \/>\n\u2022 Conhecimento em holdings<br \/>\n\u2022 Interesse em crescimento de longo prazo no escrit\u00f3rio<\/p>\n<ul>\n<li>Local de trabalho: Rio de Janeiro, RJ<\/li>\n<li>Regime de contrata\u00e7\u00e3o de tipo: Est\u00e1gio<\/li>\n<li>Jornada: Parcial tardes<\/li>\n<li>\u00c1rea e especializa\u00e7\u00e3o profissional: Jur\u00eddica &#8211; Advocacia Geral<\/li>\n<li>N\u00edvel hier\u00e1rquico: Estagi\u00e1rio<\/li>\n<\/ul>\n<p>Escolaridade M\u00ednima: Ensino Superior<\/p>\n<p>Sal\u00e1rio: 2420,0<\/p>\n","protected":false},"excerpt":{"rendered":"<p>VAGA \u2013 ESTAGI\u00c1RIO(A) DE DIREITO Local: Barra da Tijuca \u2013 Rio de Janeiro\/RJ Modalidade: Presencial Regime: Est\u00e1gio Hor\u00e1rio: 12h \u00e0s 18h Bolsa aux\u00edlio: R$ 1.350,00 Benef\u00edcios: \u2022 Vale Refei\u00e7\u00e3o R$ 35,00 por dia (m\u00e9dia de R$ 770,00\/m\u00eas) \u2022 Vale Transporte \u2022 Plano Odontol\u00f3gico \u2022 Seguro de Vida \u2022 Incentivo \u00e0 capacita\u00e7\u00e3o \u2022 Premia\u00e7\u00f5es em grupo [&hellip;]<\/p>\n","protected":false},"author":1,"featured_media":0,"comment_status":"open","ping_status":"open","sticky":false,"template":"","format":"standard","meta":{"footnotes":""},"categories":[21],"tags":[],"class_list":["post-2352","post","type-post","status-publish","format-standard","hentry","category-rio-de-janeiro-rj"],"_links":{"self":[{"href":"https:\/\/vagas.portalemprego.com.br\/index.php?rest_route=\/wp\/v2\/posts\/2352","targetHints":{"allow":["GET"]}}],"collection":[{"href":"https:\/\/vagas.portalemprego.com.br\/index.php?rest_route=\/wp\/v2\/posts"}],"about":[{"href":"https:\/\/vagas.portalemprego.com.br\/index.php?rest_route=\/wp\/v2\/types\/post"}],"author":[{"embeddable":true,"href":"https:\/\/vagas.portalemprego.com.br\/index.php?rest_route=\/wp\/v2\/users\/1"}],"replies":[{"embeddable":true,"href":"https:\/\/vagas.portalemprego.com.br\/index.php?rest_route=%2Fwp%2Fv2%2Fcomments&post=2352"}],"version-history":[{"count":0,"href":"https:\/\/vagas.portalemprego.com.br\/index.php?rest_route=\/wp\/v2\/posts\/2352\/revisions"}],"wp:attachment":[{"href":"https:\/\/vagas.portalemprego.com.br\/index.php?rest_route=%2Fwp%2Fv2%2Fmedia&parent=2352"}],"wp:term":[{"taxonomy":"category","embeddable":true,"href":"https:\/\/vagas.portalemprego.com.br\/index.php?rest_route=%2Fwp%2Fv2%2Fcategories&post=2352"},{"taxonomy":"post_tag","embeddable":true,"href":"https:\/\/vagas.portalemprego.com.br\/index.php?rest_route=%2Fwp%2Fv2%2Ftags&post=2352"}],"curies":[{"name":"wp","href":"https:\/\/api.w.org\/{rel}","templated":true}]}}