{"id":2356,"date":"2026-04-29T06:30:30","date_gmt":"2026-04-29T09:30:30","guid":{"rendered":"https:\/\/vagas.portalemprego.com.br\/?p=2356"},"modified":"2026-04-29T06:30:30","modified_gmt":"2026-04-29T09:30:30","slug":"atendente-de-foto-rio-de-janeiro-comercial-vendas-rio-de-janeiro","status":"publish","type":"post","link":"https:\/\/vagas.portalemprego.com.br\/?p=2356","title":{"rendered":"Atendente de Foto &#8211; Rio de Janeiro &#8211; Comercial, Vendas &#8211; Rio de Janeiro"},"content":{"rendered":"<p>Ao se juntar ao Grupo Cataratas, voc\u00ea far\u00e1 parte de uma empresa que tem em seu DNA a sustentabilidade, a diversidade e a inova\u00e7\u00e3o, e que se esfor\u00e7a para deixar um legado duradouro de impacto positivo no mundo.<\/p>\n<p>Aqui n\u00e3o nos limitamos a simplesmente oferecer um emprego, mas sim a proporcionar uma experi\u00eancia significativa e enriquecedora para nossos Embaixadores. N\u00e3o \u00e9 atoa que hoje somos reconhecidos como um excelente lugar para se trabalhar por nossos Embaixadores, certificados pela GPTW, FIA-UOL e Valor Carreira.<\/p>\n<p>Como ser\u00e1 o seu dia-a-dia (Responsabilidades):<br \/>\n\u2022 Realizar atendimento ao cliente de forma consultiva, proporcionando uma experi\u00eancia encantadora;<br \/>\n\u2022 Efetuar vendas e atuar no atingimento de metas individuais e da equipe;<br \/>\n\u2022 Operar caixa (abertura, fechamento e recebimento de valores);<br \/>\n\u2022 Realizar impress\u00e3o de fotos e opera\u00e7\u00e3o de sistemas via tablet;<br \/>\n\u2022 Organizar o ponto de venda, reposi\u00e7\u00e3o de produtos e controle de estoque;<br \/>\n\u2022 Garantir a limpeza e organiza\u00e7\u00e3o do ambiente de trabalho;<br \/>\n\u2022 Realizar checklist de abertura e fechamento e reportar necessidades aos setores respons\u00e1veis.<\/p>\n<p>O que voc\u00ea precisa ter (Requisitos):<br \/>\n\u2022 Experi\u00eancia com atendimento ao p\u00fablico e vendas;<br \/>\n\u2022 Boa comunica\u00e7\u00e3o, empatia e habilidade de negocia\u00e7\u00e3o;<br \/>\n\u2022 Facilidade em lidar com metas e indicadores;<br \/>\n\u2022 Proatividade, organiza\u00e7\u00e3o e agilidade;<br \/>\n\u2022 Disponibilidade para trabalhar em escala 6&#215;1, incluindo finais de semana e feriados;<br \/>\n\u2022 No\u00e7\u00f5es b\u00e1sicas de ingl\u00eas e espanhol ser\u00e3o um diferencial;<br \/>\n\u2022 Facilidade com tecnologia (tablet, sistemas, opera\u00e7\u00e3o de caixa).<\/p>\n<p>Local de trabalho:<br \/>\n\u2022 Parques Rio<\/p>\n<p>Hor\u00e1rio de trabalho e escala:<br \/>\n\u2022 Escala: 6&#215;1;<br \/>\n\u2022 Hor\u00e1rio: das 09h40 \u00e0s 18h00;<br \/>\n\u2022 Trabalho aos finais de semana e feriados.<\/p>\n<p>Vem causar muito impacto positivo conosco!<\/p>\n<ul>\n<li>Local de trabalho: Rio de Janeiro, RJ<\/li>\n<li>Regime de contrata\u00e7\u00e3o de tipo: Efetivo \u2013 CLT<\/li>\n<li>Jornada: Per\u00edodo Integral<\/li>\n<li>\u00c1rea e especializa\u00e7\u00e3o profissional: Comercial, Vendas &#8211; Atendimento<\/li>\n<li>N\u00edvel hier\u00e1rquico: Operacional<\/li>\n<\/ul>\n<p>Escolaridade M\u00ednima: Ensino M\u00e9dio (2\u00ba Grau)<\/p>\n<ul>\n<li>Aux\u00edlio combust\u00edvel<\/li>\n<li>Vale-alimenta\u00e7\u00e3o<\/li>\n<li>Vale-refei\u00e7\u00e3o<\/li>\n<li>Participa\u00e7\u00e3o nos resultados<\/li>\n<li>Sala de descanso<\/li>\n<li>Descontos de at\u00e9 50% nos parques<\/li>\n<li>Vale-transporte<\/li>\n<li>Wellhub\/Gympass<\/li>\n<li>Estacionamento<\/li>\n<li>Plano de sa\u00fade<\/li>\n<li>Avalia\u00e7\u00e3o de desempenho anual<\/li>\n<li>Sala de amamenta\u00e7\u00e3o<\/li>\n<li>Reajuste por tempo de servi\u00e7o<\/li>\n<li>Folga de anivers\u00e1rio<\/li>\n<li>Vale cultura<\/li>\n<li>Acompanhamento psicol\u00f3gico<\/li>\n<li>Sala de acolhimento<\/li>\n<li>Licen\u00e7a maternidade\/paternidade estendida<\/li>\n<li>Eventos e comemora\u00e7\u00f5es abertos \u00e0 fam\u00edlia<\/li>\n<li>Folga de tempo de empresa<\/li>\n<li>Massoterapia<\/li>\n<li>Desconto em farm\u00e1cias<\/li>\n<li>Aux\u00edlio funer\u00e1rio<\/li>\n<li>Seguro de vida<\/li>\n<li>Plano odontol\u00f3gico<\/li>\n<li>Aux\u00edlio creche<\/li>\n<li>Acompanhamento nutricional<\/li>\n<\/ul>\n","protected":false},"excerpt":{"rendered":"<p>Ao se juntar ao Grupo Cataratas, voc\u00ea far\u00e1 parte de uma empresa que tem em seu DNA a sustentabilidade, a diversidade e a inova\u00e7\u00e3o, e que se esfor\u00e7a para deixar um legado duradouro de impacto positivo no mundo. Aqui n\u00e3o nos limitamos a simplesmente oferecer um emprego, mas sim a proporcionar uma experi\u00eancia significativa e [&hellip;]<\/p>\n","protected":false},"author":1,"featured_media":0,"comment_status":"open","ping_status":"open","sticky":false,"template":"","format":"standard","meta":{"footnotes":""},"categories":[21],"tags":[],"class_list":["post-2356","post","type-post","status-publish","format-standard","hentry","category-rio-de-janeiro-rj"],"_links":{"self":[{"href":"https:\/\/vagas.portalemprego.com.br\/index.php?rest_route=\/wp\/v2\/posts\/2356","targetHints":{"allow":["GET"]}}],"collection":[{"href":"https:\/\/vagas.portalemprego.com.br\/index.php?rest_route=\/wp\/v2\/posts"}],"about":[{"href":"https:\/\/vagas.portalemprego.com.br\/index.php?rest_route=\/wp\/v2\/types\/post"}],"author":[{"embeddable":true,"href":"https:\/\/vagas.portalemprego.com.br\/index.php?rest_route=\/wp\/v2\/users\/1"}],"replies":[{"embeddable":true,"href":"https:\/\/vagas.portalemprego.com.br\/index.php?rest_route=%2Fwp%2Fv2%2Fcomments&post=2356"}],"version-history":[{"count":0,"href":"https:\/\/vagas.portalemprego.com.br\/index.php?rest_route=\/wp\/v2\/posts\/2356\/revisions"}],"wp:attachment":[{"href":"https:\/\/vagas.portalemprego.com.br\/index.php?rest_route=%2Fwp%2Fv2%2Fmedia&parent=2356"}],"wp:term":[{"taxonomy":"category","embeddable":true,"href":"https:\/\/vagas.portalemprego.com.br\/index.php?rest_route=%2Fwp%2Fv2%2Fcategories&post=2356"},{"taxonomy":"post_tag","embeddable":true,"href":"https:\/\/vagas.portalemprego.com.br\/index.php?rest_route=%2Fwp%2Fv2%2Ftags&post=2356"}],"curies":[{"name":"wp","href":"https:\/\/api.w.org\/{rel}","templated":true}]}}