{"id":2357,"date":"2026-04-29T06:30:30","date_gmt":"2026-04-29T09:30:30","guid":{"rendered":"https:\/\/vagas.portalemprego.com.br\/?p=2357"},"modified":"2026-04-29T06:30:30","modified_gmt":"2026-04-29T09:30:30","slug":"lider-de-limpeza-recursos-humanos-rio-de-janeiro","status":"publish","type":"post","link":"https:\/\/vagas.portalemprego.com.br\/?p=2357","title":{"rendered":"L\u00edder de Limpeza &#8211; Recursos Humanos &#8211; Rio de Janeiro"},"content":{"rendered":"<p>Estamos em busca de um(a) L\u00edder de Limpeza para coordenar e apoiar a equipe, garantindo a organiza\u00e7\u00e3o, qualidade e efici\u00eancia dos servi\u00e7os prestados nas acomoda\u00e7\u00f5es.<\/p>\n<p>\u00af Objetivo do Cargo<br \/>\nAtuar na lideran\u00e7a do time de limpeza, organizando a rotina di\u00e1ria, acompanhando as atividades, assegurando o padr\u00e3o de qualidade e contribuindo para o desenvolvimento da equipe.<\/p>\n<p>\u00dd Principais Atividades<br \/>\nRegistrar a chegada da equipe<br \/>\nMontar bolsas com materiais e kits de limpeza do dia<br \/>\nOrientar a equipe antes do deslocamento para as acomoda\u00e7\u00f5es<br \/>\nRealizar inspe\u00e7\u00f5es de limpeza conforme cronograma<br \/>\nGarantir o padr\u00e3o de qualidade e realizar corre\u00e7\u00f5es quando necess\u00e1rio<br \/>\nPrestar suporte \u00e0 equipe durante o expediente (presencial e remoto)<br \/>\nApoiar o fechamento do plant\u00e3o ao final do dia<br \/>\nRealizar avalia\u00e7\u00f5es mensais de desempenho, com feedbacks e planos de melhoria. Experi\u00eancia como camareira, auxiliar de limpeza ou diarista<br \/>\nOrganiza\u00e7\u00e3o, aten\u00e7\u00e3o aos detalhes e agilidade<br \/>\nComprometimento com hor\u00e1rios e qualidade do servi\u00e7o<br \/>\nLidar bem com tecnologias b\u00e1sicas do dia a dia, incluindo aplicativos de transporte (Uber, 99), WhatsApp e e-mail.<\/p>\n<ul>\n<li>Local de trabalho: Rio de Janeiro, RJ<\/li>\n<li>Regime de contrata\u00e7\u00e3o de tipo: Efetivo \u2013 CLT<\/li>\n<li>Jornada: Per\u00edodo Integral<\/li>\n<li>\u00c1rea e especializa\u00e7\u00e3o profissional: Recursos Humanos &#8211; Departamento Pessoal<\/li>\n<li>N\u00edvel hier\u00e1rquico: Auxiliar<\/li>\n<\/ul>\n<p>VALORIZADO<\/p>\n<p>Tempo de experi\u00eancia: Menos de 1 ano<\/p>\n<p>Escolaridade M\u00ednima: Ensino Fundamental (1\u00ba grau)<\/p>\n<ul>\n<li>Vale Transporte<\/li>\n<li>T\u00edquete Refei\u00e7\u00e3o<\/li>\n<\/ul>\n","protected":false},"excerpt":{"rendered":"<p>Estamos em busca de um(a) L\u00edder de Limpeza para coordenar e apoiar a equipe, garantindo a organiza\u00e7\u00e3o, qualidade e efici\u00eancia dos servi\u00e7os prestados nas acomoda\u00e7\u00f5es. \u00af Objetivo do Cargo Atuar na lideran\u00e7a do time de limpeza, organizando a rotina di\u00e1ria, acompanhando as atividades, assegurando o padr\u00e3o de qualidade e contribuindo para o desenvolvimento da equipe. [&hellip;]<\/p>\n","protected":false},"author":1,"featured_media":0,"comment_status":"open","ping_status":"open","sticky":false,"template":"","format":"standard","meta":{"footnotes":""},"categories":[21],"tags":[],"class_list":["post-2357","post","type-post","status-publish","format-standard","hentry","category-rio-de-janeiro-rj"],"_links":{"self":[{"href":"https:\/\/vagas.portalemprego.com.br\/index.php?rest_route=\/wp\/v2\/posts\/2357","targetHints":{"allow":["GET"]}}],"collection":[{"href":"https:\/\/vagas.portalemprego.com.br\/index.php?rest_route=\/wp\/v2\/posts"}],"about":[{"href":"https:\/\/vagas.portalemprego.com.br\/index.php?rest_route=\/wp\/v2\/types\/post"}],"author":[{"embeddable":true,"href":"https:\/\/vagas.portalemprego.com.br\/index.php?rest_route=\/wp\/v2\/users\/1"}],"replies":[{"embeddable":true,"href":"https:\/\/vagas.portalemprego.com.br\/index.php?rest_route=%2Fwp%2Fv2%2Fcomments&post=2357"}],"version-history":[{"count":0,"href":"https:\/\/vagas.portalemprego.com.br\/index.php?rest_route=\/wp\/v2\/posts\/2357\/revisions"}],"wp:attachment":[{"href":"https:\/\/vagas.portalemprego.com.br\/index.php?rest_route=%2Fwp%2Fv2%2Fmedia&parent=2357"}],"wp:term":[{"taxonomy":"category","embeddable":true,"href":"https:\/\/vagas.portalemprego.com.br\/index.php?rest_route=%2Fwp%2Fv2%2Fcategories&post=2357"},{"taxonomy":"post_tag","embeddable":true,"href":"https:\/\/vagas.portalemprego.com.br\/index.php?rest_route=%2Fwp%2Fv2%2Ftags&post=2357"}],"curies":[{"name":"wp","href":"https:\/\/api.w.org\/{rel}","templated":true}]}}