{"id":2360,"date":"2026-04-29T06:30:30","date_gmt":"2026-04-29T09:30:30","guid":{"rendered":"https:\/\/vagas.portalemprego.com.br\/?p=2360"},"modified":"2026-04-29T06:30:30","modified_gmt":"2026-04-29T09:30:30","slug":"gestora-de-rh-estrategico-recursos-humanos-rio-de-janeiro","status":"publish","type":"post","link":"https:\/\/vagas.portalemprego.com.br\/?p=2360","title":{"rendered":"Gestora de RH Estrat\u00e9gico &#8211; Recursos Humanos &#8211; Rio de Janeiro"},"content":{"rendered":"<p>Empresa do segmento de an\u00e1lises cl\u00ednicas busca uma profissional para liderar a \u00e1rea de Recursos Humanos com atua\u00e7\u00e3o estrat\u00e9gica, sendo parceira direta da alta lideran\u00e7a na constru\u00e7\u00e3o e execu\u00e7\u00e3o da estrat\u00e9gia organizacional por meio da gest\u00e3o de pessoas.<br \/>\nEssa posi\u00e7\u00e3o ser\u00e1 respons\u00e1vel por estruturar, desenvolver e otimizar todos os subsistemas de RH, garantindo alinhamento entre cultura, performance e resultados do neg\u00f3cio.<br \/>\nAtividades:<br \/>\nAtuar como Business Partner da Diretoria\/CEO, apoiando decis\u00f5es estrat\u00e9gicas do neg\u00f3cio<br \/>\nTraduzir os objetivos organizacionais em estrat\u00e9gias de gest\u00e3o de pessoas<br \/>\nDesenvolver e acompanhar indicadores de RH (KPIs) e People Analytics<br \/>\nApoiar o desdobramento e acompanhamento de metas organizacionais<br \/>\nImplantar e otimizar processos, sistemas e ferramentas de RH<br \/>\nGarantir efici\u00eancia operacional, redu\u00e7\u00e3o de custos e compliance trabalhista<br \/>\nConduzir processos de mudan\u00e7a organizacional e crescimento estruturado<\/p>\n<p>Liderar e desenvolver todos os subsistemas de RH:<br \/>\nRecrutamento &amp; Sele\u00e7\u00e3o<br \/>\nTreinamento &amp; Desenvolvimento<br \/>\nAvalia\u00e7\u00e3o de Desempenho<br \/>\nCultura e Clima Organizacional<br \/>\nComunica\u00e7\u00e3o Interna<br \/>\nDepartamento Pessoal<br \/>\nEstruturar e implementar programas de:<br \/>\nGest\u00e3o de desempenho (ex: 180\u00b0 \/ 360\u00b0, PDI, PDR)<br \/>\nDesenvolvimento de lideran\u00e7as e pipeline de sucess\u00e3o<br \/>\nEngajamento e experi\u00eancia do colaborador (Employee Experience)<br \/>\nCultura organizacional e prop\u00f3sito<\/p>\n<p>Requisitos:<br \/>\nGradua\u00e7\u00e3o em \u00e1reas como Psicologia, Administra\u00e7\u00e3o ou RH (p\u00f3s-gradua\u00e7\u00e3o \u00e9 um diferencial)<br \/>\nExperi\u00eancia em lideran\u00e7a de RH estrat\u00e9gico e atua\u00e7\u00e3o como Business Partner<br \/>\nViv\u00eancia com subsistemas de RH, implanta\u00e7\u00e3o de processos e cultura organizacional<br \/>\nExperi\u00eancia em empresas de m\u00e9dio\/grande porte ou em fase de crescimento<br \/>\nConhecimento em planejamento estrat\u00e9gico de RH, indicadores e People Analytics<br \/>\nDom\u00ednio de legisla\u00e7\u00e3o trabalhista e rotinas de Departamento Pessoal<br \/>\nExperi\u00eancia com sistemas de RH (ATS, ERP, folha, avalia\u00e7\u00e3o de desempenho)<br \/>\nAtua\u00e7\u00e3o com desenvolvimento organizacional, cultura e engajamento<br \/>\nForte comunica\u00e7\u00e3o, influ\u00eancia com lideran\u00e7a e gest\u00e3o de equipes<br \/>\nPerfil anal\u00edtico, orientado a dados, com capacidade de decis\u00e3o e gest\u00e3o de mudan\u00e7as<br \/>\nExperi\u00eancia com implanta\u00e7\u00e3o de ferramentas (ex: Gupy, ADP) e integra\u00e7\u00e3o com dados\/BI ser\u00e1 um diferencial<\/p>\n<ul>\n<li>Local de trabalho: Rio de Janeiro, RJ<\/li>\n<li>Regime de contrata\u00e7\u00e3o de tipo: Efetivo \u2013 CLT<\/li>\n<li>Jornada: Per\u00edodo Integral<\/li>\n<li>\u00c1rea e especializa\u00e7\u00e3o profissional: Recursos Humanos &#8211; Recursos Humanos (Generalista)<\/li>\n<li>N\u00edvel hier\u00e1rquico: Especialista<\/li>\n<\/ul>\n<p>Escolaridade M\u00ednima: Ensino Superior<\/p>\n<p>Sal\u00e1rio: 8500,0<\/p>\n","protected":false},"excerpt":{"rendered":"<p>Empresa do segmento de an\u00e1lises cl\u00ednicas busca uma profissional para liderar a \u00e1rea de Recursos Humanos com atua\u00e7\u00e3o estrat\u00e9gica, sendo parceira direta da alta lideran\u00e7a na constru\u00e7\u00e3o e execu\u00e7\u00e3o da estrat\u00e9gia organizacional por meio da gest\u00e3o de pessoas. Essa posi\u00e7\u00e3o ser\u00e1 respons\u00e1vel por estruturar, desenvolver e otimizar todos os subsistemas de RH, garantindo alinhamento entre [&hellip;]<\/p>\n","protected":false},"author":1,"featured_media":0,"comment_status":"open","ping_status":"open","sticky":false,"template":"","format":"standard","meta":{"footnotes":""},"categories":[21],"tags":[],"class_list":["post-2360","post","type-post","status-publish","format-standard","hentry","category-rio-de-janeiro-rj"],"_links":{"self":[{"href":"https:\/\/vagas.portalemprego.com.br\/index.php?rest_route=\/wp\/v2\/posts\/2360","targetHints":{"allow":["GET"]}}],"collection":[{"href":"https:\/\/vagas.portalemprego.com.br\/index.php?rest_route=\/wp\/v2\/posts"}],"about":[{"href":"https:\/\/vagas.portalemprego.com.br\/index.php?rest_route=\/wp\/v2\/types\/post"}],"author":[{"embeddable":true,"href":"https:\/\/vagas.portalemprego.com.br\/index.php?rest_route=\/wp\/v2\/users\/1"}],"replies":[{"embeddable":true,"href":"https:\/\/vagas.portalemprego.com.br\/index.php?rest_route=%2Fwp%2Fv2%2Fcomments&post=2360"}],"version-history":[{"count":0,"href":"https:\/\/vagas.portalemprego.com.br\/index.php?rest_route=\/wp\/v2\/posts\/2360\/revisions"}],"wp:attachment":[{"href":"https:\/\/vagas.portalemprego.com.br\/index.php?rest_route=%2Fwp%2Fv2%2Fmedia&parent=2360"}],"wp:term":[{"taxonomy":"category","embeddable":true,"href":"https:\/\/vagas.portalemprego.com.br\/index.php?rest_route=%2Fwp%2Fv2%2Fcategories&post=2360"},{"taxonomy":"post_tag","embeddable":true,"href":"https:\/\/vagas.portalemprego.com.br\/index.php?rest_route=%2Fwp%2Fv2%2Ftags&post=2360"}],"curies":[{"name":"wp","href":"https:\/\/api.w.org\/{rel}","templated":true}]}}