{"id":2361,"date":"2026-04-29T06:30:30","date_gmt":"2026-04-29T09:30:30","guid":{"rendered":"https:\/\/vagas.portalemprego.com.br\/?p=2361"},"modified":"2026-04-29T06:30:30","modified_gmt":"2026-04-29T09:30:30","slug":"lider-de-logistica-sao-joao-de-meriti-rj-logistica-sao-joao-de-meriti","status":"publish","type":"post","link":"https:\/\/vagas.portalemprego.com.br\/?p=2361","title":{"rendered":"L\u00cdDER DE LOG\u00cdSTICA &#8211; S\u00c3O JO\u00c3O DE MERITI\/ RJ &#8211; Log\u00edstica &#8211; S\u00e3o Jo\u00e3o de Meriti"},"content":{"rendered":"<p>??\u00a0Vaga:\u00a0Lider de log\u00edstica<br \/>\n??\u00a0Local\u00a0de\u00a0Trabalho:\u00a0Avenida Arthur Antonio Sendas, N\u00ba 999, Venda Velha &#8211; S\u00e3o Jo\u00e3o De Meriti\/Rj<br \/>\n??\u00a0Tipo\u00a0de\u00a0Contrato<br \/>\nTempor\u00e1rio\u00a0(9\u00a0meses)<br \/>\n??\u00a0Sal\u00e1rio\u00a0A\u00a0combinar<br \/>\n?\u00a0Escala\u00a0e\u00a0Hor\u00e1rio<br \/>\n6x1SEG-SAB das 22:00-05:25<\/p>\n<p>??\u00a0Principais\u00a0Responsabilidades<br \/>\nLiderar\u00a0a\u00a0equipe\u00a0de\u00a0Auxiliares\u00a0de\u00a0Log\u00edstica<br \/>\nAcompanhar\u00a0indicadores\u00a0de\u00a0performance\u00a0(KPIs),\u00a0absente\u00edsmo,\u00a0horas\u00a0extras\u00a0e\u00a0turnover<br \/>\nRealizar\u00a0controle\u00a0de\u00a0ponto\u00a0e\u00a0gest\u00e3o\u00a0de\u00a0f\u00e9rias\u00a0via\u00a0sistema<br \/>\nGarantir\u00a0a\u00a0execu\u00e7\u00e3o\u00a0dos\u00a0processos\u00a0operacionais\u00a0padr\u00e3o<br \/>\nDesenvolver\u00a0e\u00a0acompanhar\u00a0planos\u00a0de\u00a0a\u00e7\u00e3o\u00a0para\u00a0melhoria\u00a0cont\u00ednua<br \/>\nPromover\u00a0engajamento,\u00a0alinhamento\u00a0e\u00a0performance\u00a0da\u00a0equipe<br \/>\nGarantir\u00a0efici\u00eancia\u00a0nas\u00a0opera\u00e7\u00f5es\u00a0de\u00a0transporte\u00a0e\u00a0distribui\u00e7\u00e3o<br \/>\nAtuar\u00a0na\u00a0otimiza\u00e7\u00e3o\u00a0de\u00a0rotas\u00a0e\u00a0gest\u00e3o\u00a0de\u00a0frota<br \/>\n?\u00a0Requisitos<br \/>\nEnsino\u00a0superior\u00a0completo\u00a0ou\u00a0cursando\u00a0em\u00a0\u00e1reas\u00a0correlatas<br \/>\nExperi\u00eancia\u00a0pr\u00e9via\u00a0em\u00a0lideran\u00e7a\u00a0na\u00a0\u00e1rea\u00a0log\u00edstica<br \/>\nConhecimento\u00a0em\u00a0transporte\u00a0e\u00a0distribui\u00e7\u00e3o<br \/>\nExcel\u00a0avan\u00e7ado,\u00a0Google\u00a0Planilhas\u00a0e\u00a0Power\u00a0BI\u00a0(obrigat\u00f3rio)<br \/>\nIngl\u00eas\u00a0ser\u00e1\u00a0considerado\u00a0um\u00a0diferencial<\/p>\n<ul>\n<li>N\u00famero de vagas: 5<\/li>\n<li>Local de trabalho: S\u00e3o Jo\u00e3o de Meriti, RJ<\/li>\n<li>Regime de contrata\u00e7\u00e3o de tipo: Tempor\u00e1rio<\/li>\n<li>Jornada: Parcial noites<\/li>\n<li>\u00c1rea e especializa\u00e7\u00e3o profissional: Log\u00edstica &#8211; Log\u00edstica<\/li>\n<li>N\u00edvel hier\u00e1rquico: Supervisor<\/li>\n<\/ul>\n<p>Escolaridade M\u00ednima: Ensino Superior<\/p>\n","protected":false},"excerpt":{"rendered":"<p>??\u00a0Vaga:\u00a0Lider de log\u00edstica ??\u00a0Local\u00a0de\u00a0Trabalho:\u00a0Avenida Arthur Antonio Sendas, N\u00ba 999, Venda Velha &#8211; S\u00e3o Jo\u00e3o De Meriti\/Rj ??\u00a0Tipo\u00a0de\u00a0Contrato Tempor\u00e1rio\u00a0(9\u00a0meses) ??\u00a0Sal\u00e1rio\u00a0A\u00a0combinar ?\u00a0Escala\u00a0e\u00a0Hor\u00e1rio 6x1SEG-SAB das 22:00-05:25 ??\u00a0Principais\u00a0Responsabilidades Liderar\u00a0a\u00a0equipe\u00a0de\u00a0Auxiliares\u00a0de\u00a0Log\u00edstica Acompanhar\u00a0indicadores\u00a0de\u00a0performance\u00a0(KPIs),\u00a0absente\u00edsmo,\u00a0horas\u00a0extras\u00a0e\u00a0turnover Realizar\u00a0controle\u00a0de\u00a0ponto\u00a0e\u00a0gest\u00e3o\u00a0de\u00a0f\u00e9rias\u00a0via\u00a0sistema Garantir\u00a0a\u00a0execu\u00e7\u00e3o\u00a0dos\u00a0processos\u00a0operacionais\u00a0padr\u00e3o Desenvolver\u00a0e\u00a0acompanhar\u00a0planos\u00a0de\u00a0a\u00e7\u00e3o\u00a0para\u00a0melhoria\u00a0cont\u00ednua Promover\u00a0engajamento,\u00a0alinhamento\u00a0e\u00a0performance\u00a0da\u00a0equipe Garantir\u00a0efici\u00eancia\u00a0nas\u00a0opera\u00e7\u00f5es\u00a0de\u00a0transporte\u00a0e\u00a0distribui\u00e7\u00e3o Atuar\u00a0na\u00a0otimiza\u00e7\u00e3o\u00a0de\u00a0rotas\u00a0e\u00a0gest\u00e3o\u00a0de\u00a0frota ?\u00a0Requisitos Ensino\u00a0superior\u00a0completo\u00a0ou\u00a0cursando\u00a0em\u00a0\u00e1reas\u00a0correlatas Experi\u00eancia\u00a0pr\u00e9via\u00a0em\u00a0lideran\u00e7a\u00a0na\u00a0\u00e1rea\u00a0log\u00edstica Conhecimento\u00a0em\u00a0transporte\u00a0e\u00a0distribui\u00e7\u00e3o Excel\u00a0avan\u00e7ado,\u00a0Google\u00a0Planilhas\u00a0e\u00a0Power\u00a0BI\u00a0(obrigat\u00f3rio) Ingl\u00eas\u00a0ser\u00e1\u00a0considerado\u00a0um\u00a0diferencial N\u00famero de vagas: 5 Local de trabalho: S\u00e3o Jo\u00e3o de Meriti, RJ Regime de contrata\u00e7\u00e3o de tipo: [&hellip;]<\/p>\n","protected":false},"author":1,"featured_media":0,"comment_status":"open","ping_status":"open","sticky":false,"template":"","format":"standard","meta":{"footnotes":""},"categories":[21],"tags":[],"class_list":["post-2361","post","type-post","status-publish","format-standard","hentry","category-rio-de-janeiro-rj"],"_links":{"self":[{"href":"https:\/\/vagas.portalemprego.com.br\/index.php?rest_route=\/wp\/v2\/posts\/2361","targetHints":{"allow":["GET"]}}],"collection":[{"href":"https:\/\/vagas.portalemprego.com.br\/index.php?rest_route=\/wp\/v2\/posts"}],"about":[{"href":"https:\/\/vagas.portalemprego.com.br\/index.php?rest_route=\/wp\/v2\/types\/post"}],"author":[{"embeddable":true,"href":"https:\/\/vagas.portalemprego.com.br\/index.php?rest_route=\/wp\/v2\/users\/1"}],"replies":[{"embeddable":true,"href":"https:\/\/vagas.portalemprego.com.br\/index.php?rest_route=%2Fwp%2Fv2%2Fcomments&post=2361"}],"version-history":[{"count":0,"href":"https:\/\/vagas.portalemprego.com.br\/index.php?rest_route=\/wp\/v2\/posts\/2361\/revisions"}],"wp:attachment":[{"href":"https:\/\/vagas.portalemprego.com.br\/index.php?rest_route=%2Fwp%2Fv2%2Fmedia&parent=2361"}],"wp:term":[{"taxonomy":"category","embeddable":true,"href":"https:\/\/vagas.portalemprego.com.br\/index.php?rest_route=%2Fwp%2Fv2%2Fcategories&post=2361"},{"taxonomy":"post_tag","embeddable":true,"href":"https:\/\/vagas.portalemprego.com.br\/index.php?rest_route=%2Fwp%2Fv2%2Ftags&post=2361"}],"curies":[{"name":"wp","href":"https:\/\/api.w.org\/{rel}","templated":true}]}}