{"id":2363,"date":"2026-04-29T06:30:30","date_gmt":"2026-04-29T09:30:30","guid":{"rendered":"https:\/\/vagas.portalemprego.com.br\/?p=2363"},"modified":"2026-04-29T06:30:30","modified_gmt":"2026-04-29T09:30:30","slug":"tecnico-de-gesso-hospitalar-saude-sao-goncalo","status":"publish","type":"post","link":"https:\/\/vagas.portalemprego.com.br\/?p=2363","title":{"rendered":"T\u00e9cnico de Gesso Hospitalar &#8211; Sa\u00fade &#8211; S\u00e3o Gon\u00e7alo"},"content":{"rendered":"<p>A hora de fazer parte de um time comprometido, acolhedor e que leva sa\u00fade para milh\u00f5es de pessoas \u00e9 agora!<br \/>\nEstamos na busca de profissionais para compor a nossa equipe!<br \/>\nSe voc\u00ea \u00e9 comprometido(a) e apaixonado(a) por novos desafios, aqui \u00e9 o seu lugar!<br \/>\nFa\u00e7a seu cadastro e envie seu curr\u00edculo!<\/p>\n<p>RESPONSABILIDADES E ATRIBUI\u00c7\u00d5ES<br \/>\nAtender pacientes encaminhados pelos m\u00e9dicos, verificando a imobiliza\u00e7\u00e3o prescrita, separando os materiais necess\u00e1rios e acomodando-os adequadamente para a realiza\u00e7\u00e3o do procedimento;<br \/>\nAnalisar o tipo de imobiliza\u00e7\u00e3o com base na prescri\u00e7\u00e3o m\u00e9dica, realizar a assepsia do local a ser imobilizado e executar o procedimento sob supervis\u00e3o do ortopedista;<br \/>\nEstimar a quantidade de material necess\u00e1rio para o procedimento, que pode incluir enfaixamentos, talas ou imobiliza\u00e7\u00f5es com gesso, bem como realizar a remo\u00e7\u00e3o de res\u00edduos de gesso;<br \/>\nRealizar a retirada ou substitui\u00e7\u00e3o de imobiliza\u00e7\u00f5es (gessadas ou de outro tipo), conforme orienta\u00e7\u00e3o m\u00e9dica;<br \/>\nOrientar os pacientes quanto ao uso e conserva\u00e7\u00e3o da imobiliza\u00e7\u00e3o, esclarecendo d\u00favidas e encaminhando-os ao consult\u00f3rio m\u00e9dico para reavalia\u00e7\u00e3o, quando necess\u00e1rio;<br \/>\nManter o ambiente de atendimento organizado e livre de res\u00edduos, como p\u00f3 de gesso, solicitando limpeza quando necess\u00e1rio, garantindo a higiene e boa apresenta\u00e7\u00e3o do local;<br \/>\nZelar pela integridade e conserva\u00e7\u00e3o dos equipamentos e utens\u00edlios sob sua responsabilidade, realizando a limpeza e utilizando-os conforme especifica\u00e7\u00f5es t\u00e9cnicas;<br \/>\nManter-se atualizado com os conhecimentos t\u00e9cnicos e cient\u00edficos da \u00e1rea, sempre atuando de acordo com os princ\u00edpios \u00e9ticos e legais;<br \/>\nExecutar outras atividades correlatas, conforme orienta\u00e7\u00e3o do superior imediato.<\/p>\n<p>REQUISITOS E QUALIFICA\u00c7\u00d5ES<br \/>\nObrigat\u00f3rios:<br \/>\nEnsino m\u00e9dio completo;<br \/>\nCurso T\u00e9cnico\u00a0em\u00a0Imobiliza\u00e7\u00e3o\u00a0Ortop\u00e9dica\u00a0completo;<br \/>\nRegistro ativo no ASTEGO.<\/p>\n<p>Desej\u00e1vel:<br \/>\nConhecimento t\u00e9cnico sobre os diferentes tipos de imobiliza\u00e7\u00e3o.<\/p>\n<p>O que oferecemos?<br \/>\nBenef\u00edcios:<br \/>\nPlano de Sa\u00fade;<br \/>\nPlano Odontol\u00f3gico;<br \/>\nVale Alimenta\u00e7\u00e3o\/Refei\u00e7\u00e3o;<br \/>\nVale Transporte;<br \/>\nSeguro de Vida;<br \/>\nParcerias e descontos com institui\u00e7\u00f5es de ensino;<br \/>\nTotalPass (parceria com academias);<br \/>\nPlano de Carreira.<\/p>\n<p>Junte-se a n\u00f3s!<\/p>\n<ul>\n<li>Local de trabalho: S\u00e3o Gon\u00e7alo, RJ<\/li>\n<li>Regime de contrata\u00e7\u00e3o de tipo: Efetivo \u2013 CLT<\/li>\n<li>Jornada: Per\u00edodo Integral<\/li>\n<li>\u00c1rea e especializa\u00e7\u00e3o profissional: Sa\u00fade &#8211; Ortopedia \/ Traumatorpedia<\/li>\n<li>N\u00edvel hier\u00e1rquico: Assistente<\/li>\n<\/ul>\n<p>Escolaridade M\u00ednima: Curso T\u00e9cnico<\/p>\n<ul>\n<li>Assist\u00eancia Odontol\u00f3gica<\/li>\n<li>Seguro de Vida<\/li>\n<li>Vale Transporte<\/li>\n<li>Interclube (programa de descontos)<\/li>\n<li>Totalpass<\/li>\n<li>Conv\u00eanio com Farm\u00e1cia<\/li>\n<li>Vale Alimenta\u00e7\u00e3o<\/li>\n<li>Assist\u00eancia M\u00e9dica<\/li>\n<li>Aux\u00edlio Creche<\/li>\n<li>Universidade Corporativa<\/li>\n<\/ul>\n","protected":false},"excerpt":{"rendered":"<p>A hora de fazer parte de um time comprometido, acolhedor e que leva sa\u00fade para milh\u00f5es de pessoas \u00e9 agora! Estamos na busca de profissionais para compor a nossa equipe! Se voc\u00ea \u00e9 comprometido(a) e apaixonado(a) por novos desafios, aqui \u00e9 o seu lugar! Fa\u00e7a seu cadastro e envie seu curr\u00edculo! RESPONSABILIDADES E ATRIBUI\u00c7\u00d5ES Atender [&hellip;]<\/p>\n","protected":false},"author":1,"featured_media":0,"comment_status":"open","ping_status":"open","sticky":false,"template":"","format":"standard","meta":{"footnotes":""},"categories":[21],"tags":[],"class_list":["post-2363","post","type-post","status-publish","format-standard","hentry","category-rio-de-janeiro-rj"],"_links":{"self":[{"href":"https:\/\/vagas.portalemprego.com.br\/index.php?rest_route=\/wp\/v2\/posts\/2363","targetHints":{"allow":["GET"]}}],"collection":[{"href":"https:\/\/vagas.portalemprego.com.br\/index.php?rest_route=\/wp\/v2\/posts"}],"about":[{"href":"https:\/\/vagas.portalemprego.com.br\/index.php?rest_route=\/wp\/v2\/types\/post"}],"author":[{"embeddable":true,"href":"https:\/\/vagas.portalemprego.com.br\/index.php?rest_route=\/wp\/v2\/users\/1"}],"replies":[{"embeddable":true,"href":"https:\/\/vagas.portalemprego.com.br\/index.php?rest_route=%2Fwp%2Fv2%2Fcomments&post=2363"}],"version-history":[{"count":0,"href":"https:\/\/vagas.portalemprego.com.br\/index.php?rest_route=\/wp\/v2\/posts\/2363\/revisions"}],"wp:attachment":[{"href":"https:\/\/vagas.portalemprego.com.br\/index.php?rest_route=%2Fwp%2Fv2%2Fmedia&parent=2363"}],"wp:term":[{"taxonomy":"category","embeddable":true,"href":"https:\/\/vagas.portalemprego.com.br\/index.php?rest_route=%2Fwp%2Fv2%2Fcategories&post=2363"},{"taxonomy":"post_tag","embeddable":true,"href":"https:\/\/vagas.portalemprego.com.br\/index.php?rest_route=%2Fwp%2Fv2%2Ftags&post=2363"}],"curies":[{"name":"wp","href":"https:\/\/api.w.org\/{rel}","templated":true}]}}