{"id":2368,"date":"2026-04-29T06:30:30","date_gmt":"2026-04-29T09:30:30","guid":{"rendered":"https:\/\/vagas.portalemprego.com.br\/?p=2368"},"modified":"2026-04-29T06:30:30","modified_gmt":"2026-04-29T09:30:30","slug":"1066-123-analista-de-marketing-junior-marketing-macae","status":"publish","type":"post","link":"https:\/\/vagas.portalemprego.com.br\/?p=2368","title":{"rendered":"#1066 -123- Analista de Marketing J\u00fanior &#8211; Marketing &#8211; Maca\u00e9"},"content":{"rendered":"<p>VAGA: #1066 -118- Analista de Marketing J\u00fanior.<\/p>\n<p>Estamos em busca de um(a) profissional para atuar como Analista de Marketing J\u00fanior, sendo respons\u00e1vel pela execu\u00e7\u00e3o e coordena\u00e7\u00e3o das a\u00e7\u00f5es de marketing da empresa, garantindo a presen\u00e7a di\u00e1ria da marca nos canais digitais e apoiando nas demandas gerais de marketing.<br \/>\nAtua\u00e7\u00e3o 100% presencial, segunda a s\u00e1bado, em hor\u00e1rio comercial.<br \/>\nPrincipais atividades:<br \/>\n\u2022 Cria\u00e7\u00e3o e publica\u00e7\u00e3o di\u00e1ria de conte\u00fados (posts e stories) no Instagram, com foco em engajamento B2C;<br \/>\n\u2022 Gest\u00e3o de grupos de WhatsApp, garantindo alinhamento com campanhas e fluxo de comunica\u00e7\u00e3o;<br \/>\n\u2022 Interface com ag\u00eancia de tr\u00e1fego e consultoria de marketing, fornecendo insumos e aplicando melhorias estrat\u00e9gicas;<br \/>\n\u2022 Apoio em demandas gerais de marketing (online e offline), como comunica\u00e7\u00e3o interna e materiais diversos;<br \/>\n\u2022 Produ\u00e7\u00e3o de criativos r\u00e1pidos utilizando Canva e CapCut;<br \/>\n\u2022 Suporte na execu\u00e7\u00e3o das estrat\u00e9gias definidas, garantindo agilidade e qualidade nas entregas;<br \/>\n\u2022 Organiza\u00e7\u00e3o das demandas entre time interno e parceiros externos.<br \/>\nO que buscamos:<br \/>\n\u2022 Perfil j\u00fanior, com energia, proatividade e vontade de aprender;<br \/>\n\u2022 Dom\u00ednio de Canva e CapCut;<br \/>\n\u2022 Boa comunica\u00e7\u00e3o escrita, com linguagem leve, emp\u00e1tica e voltada para o p\u00fablico B2C;<br \/>\n\u2022 Facilidade com ferramentas digitais;<br \/>\n\u2022 Disponibilidade para atua\u00e7\u00e3o 100% presencial;<br \/>\n\u2022 Perfil organizado, \u00e1gil, colaborativo e atento aos detalhes;<br \/>\n\u2022 Capacidade de lidar com m\u00faltiplas demandas e diferentes cronogramas.<br \/>\nDiferenciais:<br \/>\n\u2022 Experi\u00eancia pr\u00e9via com redes sociais e produ\u00e7\u00e3o de conte\u00fado;<br \/>\n\u2022 Viv\u00eancia com intera\u00e7\u00e3o entre ag\u00eancia e consultoria;<br \/>\n\u2022 Boa comunica\u00e7\u00e3o para participa\u00e7\u00e3o em reuni\u00f5es e alinhamentos estrat\u00e9gicos;<br \/>\n\u2022 Organiza\u00e7\u00e3o para gerenciar demandas simult\u00e2neas.<\/p>\n<ul>\n<li>Local de trabalho: Maca\u00e9, RJ<\/li>\n<li>Regime de contrata\u00e7\u00e3o de tipo: Efetivo \u2013 CLT<\/li>\n<li>Jornada: Per\u00edodo Integral<\/li>\n<li>\u00c1rea e especializa\u00e7\u00e3o profissional: Marketing &#8211; Marketing<\/li>\n<li>N\u00edvel hier\u00e1rquico: Analista<\/li>\n<\/ul>\n<p>Escolaridade M\u00ednima: Ensino Superior<\/p>\n<p>Forma\u00e7\u00e3o desejada:<\/p>\n<ul>\n<li>Marketing, Ensino Superior<\/li>\n<\/ul>\n<p>Sal\u00e1rio: 2492,4<\/p>\n","protected":false},"excerpt":{"rendered":"<p>VAGA: #1066 -118- Analista de Marketing J\u00fanior. Estamos em busca de um(a) profissional para atuar como Analista de Marketing J\u00fanior, sendo respons\u00e1vel pela execu\u00e7\u00e3o e coordena\u00e7\u00e3o das a\u00e7\u00f5es de marketing da empresa, garantindo a presen\u00e7a di\u00e1ria da marca nos canais digitais e apoiando nas demandas gerais de marketing. Atua\u00e7\u00e3o 100% presencial, segunda a s\u00e1bado, em [&hellip;]<\/p>\n","protected":false},"author":1,"featured_media":0,"comment_status":"open","ping_status":"open","sticky":false,"template":"","format":"standard","meta":{"footnotes":""},"categories":[21],"tags":[],"class_list":["post-2368","post","type-post","status-publish","format-standard","hentry","category-rio-de-janeiro-rj"],"_links":{"self":[{"href":"https:\/\/vagas.portalemprego.com.br\/index.php?rest_route=\/wp\/v2\/posts\/2368","targetHints":{"allow":["GET"]}}],"collection":[{"href":"https:\/\/vagas.portalemprego.com.br\/index.php?rest_route=\/wp\/v2\/posts"}],"about":[{"href":"https:\/\/vagas.portalemprego.com.br\/index.php?rest_route=\/wp\/v2\/types\/post"}],"author":[{"embeddable":true,"href":"https:\/\/vagas.portalemprego.com.br\/index.php?rest_route=\/wp\/v2\/users\/1"}],"replies":[{"embeddable":true,"href":"https:\/\/vagas.portalemprego.com.br\/index.php?rest_route=%2Fwp%2Fv2%2Fcomments&post=2368"}],"version-history":[{"count":0,"href":"https:\/\/vagas.portalemprego.com.br\/index.php?rest_route=\/wp\/v2\/posts\/2368\/revisions"}],"wp:attachment":[{"href":"https:\/\/vagas.portalemprego.com.br\/index.php?rest_route=%2Fwp%2Fv2%2Fmedia&parent=2368"}],"wp:term":[{"taxonomy":"category","embeddable":true,"href":"https:\/\/vagas.portalemprego.com.br\/index.php?rest_route=%2Fwp%2Fv2%2Fcategories&post=2368"},{"taxonomy":"post_tag","embeddable":true,"href":"https:\/\/vagas.portalemprego.com.br\/index.php?rest_route=%2Fwp%2Fv2%2Ftags&post=2368"}],"curies":[{"name":"wp","href":"https:\/\/api.w.org\/{rel}","templated":true}]}}