{"id":2371,"date":"2026-04-29T06:30:30","date_gmt":"2026-04-29T09:30:30","guid":{"rendered":"https:\/\/vagas.portalemprego.com.br\/?p=2371"},"modified":"2026-04-29T06:30:30","modified_gmt":"2026-04-29T09:30:30","slug":"estagiario-em-t-i-informatica-ti-telecomunicacoes-volta-redonda","status":"publish","type":"post","link":"https:\/\/vagas.portalemprego.com.br\/?p=2371","title":{"rendered":"Estagi\u00e1rio em T.I &#8211; Inform\u00e1tica, TI, Telecomunica\u00e7\u00f5es &#8211; Volta Redonda"},"content":{"rendered":"<p>O Grupo Seres seleciona profissional para a posi\u00e7\u00e3o de Estagi\u00e1rio em T.I, com a miss\u00e3o de apoiar as \u00e1reas de Suporte e Implanta\u00e7\u00e3o, desenvolvendo na pr\u00e1tica compet\u00eancias t\u00e9cnicas e de atendimento em um ambiente multidisciplinar.<br \/>\nDesafio da Vaga<br \/>\nAdaptar-se a um ambiente din\u00e2mico, desenvolvendo autonomia no atendimento, capacidade anal\u00edtica e comunica\u00e7\u00e3o clara para lidar com diferentes tipos de problemas.<br \/>\nResponsabilidades<br \/>\nAuxiliar na triagem e no atendimento inicial de chamados;<br \/>\nApoiar usu\u00e1rios com d\u00favidas sobre o sistema;<br \/>\nAcompanhar configura\u00e7\u00f5es, integra\u00e7\u00f5es e emiss\u00e3o de NFS-e;<br \/>\nParticipar de treinamentos e rotinas da equipe;<br \/>\nDocumentar ??????essos e contribuir com a base de conhecimento;<br \/>\nApoiar atividades operacionais do time.<br \/>\nRequisitos<br \/>\nCursando gradua\u00e7\u00e3o em TI ou \u00e1reas afins (a partir do 2\u00ba per\u00edodo);<br \/>\nBoa comunica\u00e7\u00e3o e vontade de aprender;<br \/>\nOrganiza\u00e7\u00e3o, proatividade e trabalho em equipe;<br \/>\nInteresse por tecnologia e resolu\u00e7\u00e3o de problemas.<br \/>\nDiferenciais<br \/>\nConhecimento b\u00e1sico em SQL ou programa\u00e7\u00e3o;<br \/>\nFamiliaridade com CRM ou ferramentas de suporte;<br \/>\nInteresse em processos fiscais ou meios de pagamento.<\/p>\n<ul>\n<li>Local de trabalho: Volta Redonda, RJ<\/li>\n<li>Regime de contrata\u00e7\u00e3o de tipo: Est\u00e1gio<\/li>\n<li>Jornada: Parcial tardes<\/li>\n<li>\u00c1rea e especializa\u00e7\u00e3o profissional: Inform\u00e1tica, TI, Telecomunica\u00e7\u00f5es &#8211; TI<\/li>\n<li>N\u00edvel hier\u00e1rquico: Estagi\u00e1rio<\/li>\n<\/ul>\n<p>Escolaridade M\u00ednima: Ensino Superior<\/p>\n<ul>\n<li>Aux\u00edlio Transporte (R$ 200,00)<\/li>\n<\/ul>\n<p>Sal\u00e1rio: 800,0<\/p>\n","protected":false},"excerpt":{"rendered":"<p>O Grupo Seres seleciona profissional para a posi\u00e7\u00e3o de Estagi\u00e1rio em T.I, com a miss\u00e3o de apoiar as \u00e1reas de Suporte e Implanta\u00e7\u00e3o, desenvolvendo na pr\u00e1tica compet\u00eancias t\u00e9cnicas e de atendimento em um ambiente multidisciplinar. Desafio da Vaga Adaptar-se a um ambiente din\u00e2mico, desenvolvendo autonomia no atendimento, capacidade anal\u00edtica e comunica\u00e7\u00e3o clara para lidar com [&hellip;]<\/p>\n","protected":false},"author":1,"featured_media":0,"comment_status":"open","ping_status":"open","sticky":false,"template":"","format":"standard","meta":{"footnotes":""},"categories":[21],"tags":[],"class_list":["post-2371","post","type-post","status-publish","format-standard","hentry","category-rio-de-janeiro-rj"],"_links":{"self":[{"href":"https:\/\/vagas.portalemprego.com.br\/index.php?rest_route=\/wp\/v2\/posts\/2371","targetHints":{"allow":["GET"]}}],"collection":[{"href":"https:\/\/vagas.portalemprego.com.br\/index.php?rest_route=\/wp\/v2\/posts"}],"about":[{"href":"https:\/\/vagas.portalemprego.com.br\/index.php?rest_route=\/wp\/v2\/types\/post"}],"author":[{"embeddable":true,"href":"https:\/\/vagas.portalemprego.com.br\/index.php?rest_route=\/wp\/v2\/users\/1"}],"replies":[{"embeddable":true,"href":"https:\/\/vagas.portalemprego.com.br\/index.php?rest_route=%2Fwp%2Fv2%2Fcomments&post=2371"}],"version-history":[{"count":0,"href":"https:\/\/vagas.portalemprego.com.br\/index.php?rest_route=\/wp\/v2\/posts\/2371\/revisions"}],"wp:attachment":[{"href":"https:\/\/vagas.portalemprego.com.br\/index.php?rest_route=%2Fwp%2Fv2%2Fmedia&parent=2371"}],"wp:term":[{"taxonomy":"category","embeddable":true,"href":"https:\/\/vagas.portalemprego.com.br\/index.php?rest_route=%2Fwp%2Fv2%2Fcategories&post=2371"},{"taxonomy":"post_tag","embeddable":true,"href":"https:\/\/vagas.portalemprego.com.br\/index.php?rest_route=%2Fwp%2Fv2%2Ftags&post=2371"}],"curies":[{"name":"wp","href":"https:\/\/api.w.org\/{rel}","templated":true}]}}