{"id":2373,"date":"2026-04-29T06:30:30","date_gmt":"2026-04-29T09:30:30","guid":{"rendered":"https:\/\/vagas.portalemprego.com.br\/?p=2373"},"modified":"2026-04-29T06:30:30","modified_gmt":"2026-04-29T09:30:30","slug":"auxiliar-de-marketing-marketing-rio-de-janeiro","status":"publish","type":"post","link":"https:\/\/vagas.portalemprego.com.br\/?p=2373","title":{"rendered":"Auxiliar de Marketing &#8211; Marketing &#8211; Rio de Janeiro"},"content":{"rendered":"<p>O Auxiliar de Marketing ser\u00e1 respons\u00e1vel por apoiar a equipe de comunica\u00e7\u00e3o e marketing nas atividades relacionadas \u00e0 cria\u00e7\u00e3o, execu\u00e7\u00e3o e acompanhamento de estrat\u00e9gias digitais e de conte\u00fado. Atuar\u00e1 diretamente no gerenciamento de m\u00eddias sociais, an\u00e1lise de m\u00e9tricas, produ\u00e7\u00e3o de materiais e suporte em campanhas.<\/p>\n<p>Principais Atividades:<br \/>\n\u2022 Apoiar o planejamento e a execu\u00e7\u00e3o das a\u00e7\u00f5es de Comunica\u00e7\u00e3o Interna (inbound)<br \/>\n\u2022 Desenvolver pe\u00e7as gr\u00e1ficas e materiais visuais para campanhas internas, comunicados, eventos e a\u00e7\u00f5es de endomarketing<br \/>\n\u2022 Apoiar a produ\u00e7\u00e3o de conte\u00fados institucionais para canais internos (e-mail, intranet, murais digitais, apresenta\u00e7\u00f5es e comunicados)<br \/>\n\u2022 Operar ferramentas do Pacote Adobe para cria\u00e7\u00e3o e adapta\u00e7\u00e3o de layouts<br \/>\n \u2022 Acompanhar e executar demandas de comunica\u00e7\u00e3o junto \u00e0s \u00e1reas internas<br \/>\n\u2022 Manter o calend\u00e1rio de a\u00e7\u00f5es internas organizado e atualizado<br \/>\n\u2022 Apoiar iniciativas de cultura organizacional, campanhas sazonais e projetos de engajamento<br \/>\n\u2022 Monitorar tend\u00eancias de comunica\u00e7\u00e3o corporativa e marketing, trazendo refer\u00eancias e boas pr\u00e1ticas<br \/>\n \u2022 Utilizar o LinkedIn como fonte di\u00e1ria de atualiza\u00e7\u00e3o, benchmark e inspira\u00e7\u00e3o estrat\u00e9gica <\/p>\n<p>Requisitos Desej\u00e1veis:<br \/>\n\u2022 Perfil Comunicativo, Influente e Persuassivo.<br \/>\n \u2022 Forma\u00e7\u00e3o em andamento ou conclu\u00edda em Marketing, Publicidade, Comunica\u00e7\u00e3o, Design ou \u00e1reas correlatas<br \/>\n \u2022 No\u00e7\u00f5es avan\u00e7adas do Pacote Adobe (Illustrator, Photoshop e InDesign) \u2022 Excelente comunica\u00e7\u00e3o escrita e visual<br \/>\n \u2022 Organiza\u00e7\u00e3o e capacidade de lidar com m\u00faltiplas demandas<br \/>\n \u2022 Conhecimento pr\u00e1tico de comunica\u00e7\u00e3o corporativa e institucional<\/p>\n<ul>\n<li>Local de trabalho: Rio de Janeiro, RJ<\/li>\n<li>Regime de contrata\u00e7\u00e3o de tipo: Efetivo \u2013 CLT<\/li>\n<li>Jornada: Per\u00edodo Integral<\/li>\n<li>\u00c1rea e especializa\u00e7\u00e3o profissional: Marketing &#8211; Marketing<\/li>\n<li>N\u00edvel hier\u00e1rquico: Auxiliar<\/li>\n<\/ul>\n<p>VALORIZADO<\/p>\n<p>Tempo de experi\u00eancia: Entre 1 e 3 anos<\/p>\n<p>HABILIDADES<\/p>\n<ul>\n<li>Aten\u00e7\u00e3o aos detalhes<\/li>\n<li>Empatia digital<\/li>\n<li>Trabalho em equipe<\/li>\n<li>Flexibilidade e adaptabilidade<\/li>\n<li>Comunica\u00e7\u00e3o eficaz<\/li>\n<li>Organiza\u00e7\u00e3o<\/li>\n<li>Criatividade<\/li>\n<li>Proatividade<\/li>\n<\/ul>\n<p>Escolaridade M\u00ednima: Ensino M\u00e9dio (2\u00ba Grau)<\/p>\n<p>Forma\u00e7\u00e3o desejada:<\/p>\n<ul>\n<li>Marketing, Ensino Superior<\/li>\n<li>Marketing, P\u00f3s-gradua\u00e7\u00e3o &#8211; Especializa\u00e7\u00e3o\/MBA<\/li>\n<\/ul>\n<ul>\n<li>Vale Transporte<\/li>\n<li>Vale Refei\u00e7\u00e3o<\/li>\n<li>Plano de Sa\u00fade<\/li>\n<li>Seguro de Vida<\/li>\n<li>Plano Odontol\u00f3gico<\/li>\n<li>Day off de anivers\u00e1rio<\/li>\n<li>Conv\u00eanio Sesc<\/li>\n<li>Conv\u00eanio Universidades<\/li>\n<\/ul>\n<p>Sal\u00e1rio: 2200,0<\/p>\n","protected":false},"excerpt":{"rendered":"<p>O Auxiliar de Marketing ser\u00e1 respons\u00e1vel por apoiar a equipe de comunica\u00e7\u00e3o e marketing nas atividades relacionadas \u00e0 cria\u00e7\u00e3o, execu\u00e7\u00e3o e acompanhamento de estrat\u00e9gias digitais e de conte\u00fado. Atuar\u00e1 diretamente no gerenciamento de m\u00eddias sociais, an\u00e1lise de m\u00e9tricas, produ\u00e7\u00e3o de materiais e suporte em campanhas. Principais Atividades: \u2022 Apoiar o planejamento e a execu\u00e7\u00e3o das [&hellip;]<\/p>\n","protected":false},"author":1,"featured_media":0,"comment_status":"open","ping_status":"open","sticky":false,"template":"","format":"standard","meta":{"footnotes":""},"categories":[21],"tags":[],"class_list":["post-2373","post","type-post","status-publish","format-standard","hentry","category-rio-de-janeiro-rj"],"_links":{"self":[{"href":"https:\/\/vagas.portalemprego.com.br\/index.php?rest_route=\/wp\/v2\/posts\/2373","targetHints":{"allow":["GET"]}}],"collection":[{"href":"https:\/\/vagas.portalemprego.com.br\/index.php?rest_route=\/wp\/v2\/posts"}],"about":[{"href":"https:\/\/vagas.portalemprego.com.br\/index.php?rest_route=\/wp\/v2\/types\/post"}],"author":[{"embeddable":true,"href":"https:\/\/vagas.portalemprego.com.br\/index.php?rest_route=\/wp\/v2\/users\/1"}],"replies":[{"embeddable":true,"href":"https:\/\/vagas.portalemprego.com.br\/index.php?rest_route=%2Fwp%2Fv2%2Fcomments&post=2373"}],"version-history":[{"count":0,"href":"https:\/\/vagas.portalemprego.com.br\/index.php?rest_route=\/wp\/v2\/posts\/2373\/revisions"}],"wp:attachment":[{"href":"https:\/\/vagas.portalemprego.com.br\/index.php?rest_route=%2Fwp%2Fv2%2Fmedia&parent=2373"}],"wp:term":[{"taxonomy":"category","embeddable":true,"href":"https:\/\/vagas.portalemprego.com.br\/index.php?rest_route=%2Fwp%2Fv2%2Fcategories&post=2373"},{"taxonomy":"post_tag","embeddable":true,"href":"https:\/\/vagas.portalemprego.com.br\/index.php?rest_route=%2Fwp%2Fv2%2Ftags&post=2373"}],"curies":[{"name":"wp","href":"https:\/\/api.w.org\/{rel}","templated":true}]}}