{"id":2375,"date":"2026-04-29T06:30:30","date_gmt":"2026-04-29T09:30:30","guid":{"rendered":"https:\/\/vagas.portalemprego.com.br\/?p=2375"},"modified":"2026-04-29T06:30:30","modified_gmt":"2026-04-29T09:30:30","slug":"estagiario-de-publicidade-comunicacao-tv-cinema-rio-de-janeiro","status":"publish","type":"post","link":"https:\/\/vagas.portalemprego.com.br\/?p=2375","title":{"rendered":"Estagi\u00e1rio de Publicidade &#8211; Comunica\u00e7\u00e3o, TV, Cinema &#8211; Rio de Janeiro"},"content":{"rendered":"<p>Vaga para atuar na R\u00e1dio Rel\u00f3gio que fica localizada na Estrada dos Bandeirantes.<br \/>\nPrecisa estar cursando Ensino Superior em Publicidade e Propagando ou \u00e1reas correlatas.<br \/>\nRequisitos:<br \/>\n1. Criatividade e pensamento estrat\u00e9gico<br \/>\nEntender o p\u00fablico-alvo<br \/>\nTer no\u00e7\u00e3o b\u00e1sica de marketing e comunica\u00e7\u00e3o<br \/>\n\u00a0\u00a02. Familiaridade com ferramentas digitais<br \/>\nRedes sociais (Instagram, TikTok, etc.)<br \/>\nPacote Adobe (Photoshop, Illustrator, ou Canva j\u00e1 ajuda)<br \/>\nEdi\u00e7\u00e3o b\u00e1sica de v\u00eddeo (CapCut, Premiere, etc.)<br \/>\n\u00a03. Curiosidade e vontade de aprender<br \/>\nAcompanha tend\u00eancias<br \/>\nObserva campanhas e an\u00fancios<br \/>\nPergunta e busca evoluir sempre<br \/>\n\u00a04. Boa comunica\u00e7\u00e3o<br \/>\nSaber escrever bem<br \/>\nSaber se expressar em equipe<br \/>\nEntender briefing e saber tirar d\u00favidas<br \/>\n\u00a05. Trabalho em equipe<br \/>\nSaber ouvir<br \/>\nRespeitar ideias diferentes<br \/>\nTrabalhar com designers, redatores, atendimento, etc.<br \/>\n\u00a06. Organiza\u00e7\u00e3o e responsabilidade<br \/>\nCumprir prazos<br \/>\nSer comprometido<br \/>\nTer aten\u00e7\u00e3o aos detalhes<br \/>\n\u00a0\u00a07. Proatividade<br \/>\nSugerir ideias<br \/>\nAjudar al\u00e9m do que foi pedido<br \/>\nDemonstrar interesse real pelo trabalho<\/p>\n<ul>\n<li>Local de trabalho: Rio de Janeiro, RJ<\/li>\n<li>Regime de contrata\u00e7\u00e3o de tipo: Est\u00e1gio<\/li>\n<li>Jornada: Parcial manh\u00e3s<\/li>\n<li>\u00c1rea e especializa\u00e7\u00e3o profissional: Comunica\u00e7\u00e3o, TV, Cinema &#8211; Publicidade e Propaganda<\/li>\n<li>N\u00edvel hier\u00e1rquico: Estagi\u00e1rio<\/li>\n<\/ul>\n<p>VALORIZADO<\/p>\n<p>Tempo de experi\u00eancia: Sem experi\u00eancia<\/p>\n<p>Escolaridade M\u00ednima: Ensino Superior<\/p>\n<p>Sal\u00e1rio: 1621,0<\/p>\n","protected":false},"excerpt":{"rendered":"<p>Vaga para atuar na R\u00e1dio Rel\u00f3gio que fica localizada na Estrada dos Bandeirantes. Precisa estar cursando Ensino Superior em Publicidade e Propagando ou \u00e1reas correlatas. Requisitos: 1. Criatividade e pensamento estrat\u00e9gico Entender o p\u00fablico-alvo Ter no\u00e7\u00e3o b\u00e1sica de marketing e comunica\u00e7\u00e3o \u00a0\u00a02. Familiaridade com ferramentas digitais Redes sociais (Instagram, TikTok, etc.) Pacote Adobe (Photoshop, Illustrator, [&hellip;]<\/p>\n","protected":false},"author":1,"featured_media":0,"comment_status":"open","ping_status":"open","sticky":false,"template":"","format":"standard","meta":{"footnotes":""},"categories":[21],"tags":[],"class_list":["post-2375","post","type-post","status-publish","format-standard","hentry","category-rio-de-janeiro-rj"],"_links":{"self":[{"href":"https:\/\/vagas.portalemprego.com.br\/index.php?rest_route=\/wp\/v2\/posts\/2375","targetHints":{"allow":["GET"]}}],"collection":[{"href":"https:\/\/vagas.portalemprego.com.br\/index.php?rest_route=\/wp\/v2\/posts"}],"about":[{"href":"https:\/\/vagas.portalemprego.com.br\/index.php?rest_route=\/wp\/v2\/types\/post"}],"author":[{"embeddable":true,"href":"https:\/\/vagas.portalemprego.com.br\/index.php?rest_route=\/wp\/v2\/users\/1"}],"replies":[{"embeddable":true,"href":"https:\/\/vagas.portalemprego.com.br\/index.php?rest_route=%2Fwp%2Fv2%2Fcomments&post=2375"}],"version-history":[{"count":0,"href":"https:\/\/vagas.portalemprego.com.br\/index.php?rest_route=\/wp\/v2\/posts\/2375\/revisions"}],"wp:attachment":[{"href":"https:\/\/vagas.portalemprego.com.br\/index.php?rest_route=%2Fwp%2Fv2%2Fmedia&parent=2375"}],"wp:term":[{"taxonomy":"category","embeddable":true,"href":"https:\/\/vagas.portalemprego.com.br\/index.php?rest_route=%2Fwp%2Fv2%2Fcategories&post=2375"},{"taxonomy":"post_tag","embeddable":true,"href":"https:\/\/vagas.portalemprego.com.br\/index.php?rest_route=%2Fwp%2Fv2%2Ftags&post=2375"}],"curies":[{"name":"wp","href":"https:\/\/api.w.org\/{rel}","templated":true}]}}