{"id":2377,"date":"2026-04-29T06:30:30","date_gmt":"2026-04-29T09:30:30","guid":{"rendered":"https:\/\/vagas.portalemprego.com.br\/?p=2377"},"modified":"2026-04-29T06:30:30","modified_gmt":"2026-04-29T09:30:30","slug":"auxiliar-de-operacoes-de-vm-moda-rio-de-janeiro","status":"publish","type":"post","link":"https:\/\/vagas.portalemprego.com.br\/?p=2377","title":{"rendered":"Auxiliar de Opera\u00e7\u00f5es de VM &#8211; Moda &#8211; Rio de Janeiro"},"content":{"rendered":"<p>RESPONSABILIDADES PRINCIPAIS<br \/>\n\u00b7 Executar a montagem e manuten\u00e7\u00e3o de vitrines, displays e ambientes internos de acordo com os<br \/>\npadr\u00f5es de Visual Merchandising.<br \/>\n\u00b7 Realizar altera\u00e7\u00f5es de layout para lan\u00e7amento de cole\u00e7\u00f5es, campanhas promocionais e mudan\u00e7as<br \/>\nsazonais.<br \/>\n\u00b7 Garantir a correta disposi\u00e7\u00e3o dos produtos no ponto de venda, priorizando a exposi\u00e7\u00e3o estrat\u00e9gica<br \/>\ndas cole\u00e7\u00f5es.<br \/>\n\u00b7 Organizar os elementos visuais, como manequins, pain\u00e9is e materiais gr\u00e1ficos, mantendo a<br \/>\nest\u00e9tica definida pela marca.<br \/>\n\u00b7 Monitorar a integridade e limpeza dos materiais de exposi\u00e7\u00e3o (mobili\u00e1rio, manequins e displays).<br \/>\n\u00b7 Realizar a reposi\u00e7\u00e3o cont\u00ednua de produtos nos displays, mantendo a organiza\u00e7\u00e3o visual da loja.<br \/>\n\u00b7 Acompanhar e implementar a\u00e7\u00f5es de comunica\u00e7\u00e3o visual em pontos estrat\u00e9gicos da loja.<br \/>\n\u00b7 Garantir a execu\u00e7\u00e3o das diretrizes visuais definidas pela equipe central de Visual Merchandising.<br \/>\n\u00b7 Auxiliar na montagem de novas lojas e projetos especiais de ambienta\u00e7\u00e3o.<br \/>\n\u00b7 Reportar ao supervisor de Visual Merchandising sobre o andamento das atividades e necessidade<br \/>\nde melhorias.<br \/>\n\u00b7 Estimular e treinar a equipe de vendas tanto nos processos de exposi\u00e7\u00e3o dos produtos, quanto a<br \/>\narmazenagem dos equipamentos, a fim de que n\u00e3o haja desperd\u00edcio dos materiais.<br \/>\n\u00b7 Executar outras atividades de mesma natureza e complexidade, de acordo com a necessidade da<br \/>\nLoja.<\/p>\n<p>REQUISITOS DO CARGO<br \/>\nForma\u00e7\u00e3o: Ensino m\u00e9dio completo<br \/>\nExperi\u00eancia profissional: Experi\u00eancia pr\u00e9via em Visual Merchandising ou organiza\u00e7\u00e3o de layout em lojas de<br \/>\nmoda ser\u00e1 um diferencial.<br \/>\nConhecimentos t\u00e9cnicos: Montagem de displays, organiza\u00e7\u00e3o de vitrines e reposi\u00e7\u00e3o de produtos.<br \/>\nHabilidades e Atitudes: Senso est\u00e9tico e criatividade, organiza\u00e7\u00e3o e aten\u00e7\u00e3o aos detalhes, capacidade de<br \/>\ntrabalhar sob prazos definidos, proatividade e resolu\u00e7\u00e3o de problemas, boa comunica\u00e7\u00e3o e trabalho em equipe<\/p>\n<p>BENEF\u00cdCIOS<br \/>\nVale Alimenta\u00e7\u00e3o<br \/>\nVale transporte<br \/>\nConv\u00eanio com o SESC<br \/>\nTotalPass (acesso a academias e bem-estar)<br \/>\nDesconto em nossas lojas<br \/>\nConv\u00eanio com institui\u00e7\u00f5es de ensino<\/p>\n<ul>\n<li>Local de trabalho: Rio de Janeiro, RJ<\/li>\n<li>Regime de contrata\u00e7\u00e3o de tipo: Efetivo \u2013 CLT<\/li>\n<li>Jornada: Per\u00edodo Integral<\/li>\n<li>\u00c1rea e especializa\u00e7\u00e3o profissional: Moda &#8211; Vitrinismo<\/li>\n<li>N\u00edvel hier\u00e1rquico: Auxiliar<\/li>\n<\/ul>\n<p>VALORIZADO<\/p>\n<p>Tempo de experi\u00eancia: Menos de 1 ano<\/p>\n<p>Escolaridade M\u00ednima: Ensino M\u00e9dio (2\u00ba Grau)<\/p>\n<p>Forma\u00e7\u00e3o desejada:<\/p>\n<ul>\n<li>Ensino M\u00e9dio (2\u00ba Grau)<\/li>\n<\/ul>\n","protected":false},"excerpt":{"rendered":"<p>RESPONSABILIDADES PRINCIPAIS \u00b7 Executar a montagem e manuten\u00e7\u00e3o de vitrines, displays e ambientes internos de acordo com os padr\u00f5es de Visual Merchandising. \u00b7 Realizar altera\u00e7\u00f5es de layout para lan\u00e7amento de cole\u00e7\u00f5es, campanhas promocionais e mudan\u00e7as sazonais. \u00b7 Garantir a correta disposi\u00e7\u00e3o dos produtos no ponto de venda, priorizando a exposi\u00e7\u00e3o estrat\u00e9gica das cole\u00e7\u00f5es. \u00b7 Organizar [&hellip;]<\/p>\n","protected":false},"author":1,"featured_media":0,"comment_status":"open","ping_status":"open","sticky":false,"template":"","format":"standard","meta":{"footnotes":""},"categories":[21],"tags":[],"class_list":["post-2377","post","type-post","status-publish","format-standard","hentry","category-rio-de-janeiro-rj"],"_links":{"self":[{"href":"https:\/\/vagas.portalemprego.com.br\/index.php?rest_route=\/wp\/v2\/posts\/2377","targetHints":{"allow":["GET"]}}],"collection":[{"href":"https:\/\/vagas.portalemprego.com.br\/index.php?rest_route=\/wp\/v2\/posts"}],"about":[{"href":"https:\/\/vagas.portalemprego.com.br\/index.php?rest_route=\/wp\/v2\/types\/post"}],"author":[{"embeddable":true,"href":"https:\/\/vagas.portalemprego.com.br\/index.php?rest_route=\/wp\/v2\/users\/1"}],"replies":[{"embeddable":true,"href":"https:\/\/vagas.portalemprego.com.br\/index.php?rest_route=%2Fwp%2Fv2%2Fcomments&post=2377"}],"version-history":[{"count":0,"href":"https:\/\/vagas.portalemprego.com.br\/index.php?rest_route=\/wp\/v2\/posts\/2377\/revisions"}],"wp:attachment":[{"href":"https:\/\/vagas.portalemprego.com.br\/index.php?rest_route=%2Fwp%2Fv2%2Fmedia&parent=2377"}],"wp:term":[{"taxonomy":"category","embeddable":true,"href":"https:\/\/vagas.portalemprego.com.br\/index.php?rest_route=%2Fwp%2Fv2%2Fcategories&post=2377"},{"taxonomy":"post_tag","embeddable":true,"href":"https:\/\/vagas.portalemprego.com.br\/index.php?rest_route=%2Fwp%2Fv2%2Ftags&post=2377"}],"curies":[{"name":"wp","href":"https:\/\/api.w.org\/{rel}","templated":true}]}}