{"id":2379,"date":"2026-04-29T06:30:30","date_gmt":"2026-04-29T09:30:30","guid":{"rendered":"https:\/\/vagas.portalemprego.com.br\/?p=2379"},"modified":"2026-04-29T06:30:30","modified_gmt":"2026-04-29T09:30:30","slug":"revisor-de-textos-portugues-educacao-ensino-idiomas-rio-de-janeiro","status":"publish","type":"post","link":"https:\/\/vagas.portalemprego.com.br\/?p=2379","title":{"rendered":"Revisor de Textos \/ Portugu\u00eas &#8211; Educa\u00e7\u00e3o, Ensino, Idiomas &#8211; Rio de Janeiro"},"content":{"rendered":"<p>&#8211; Revis\u00e3o Gramatical e Ortogr\u00e1fica: Garantir a corre\u00e7\u00e3o de posts est\u00e1ticos, carross\u00e9is, stories e roteiros.<br \/>\n&#8211; Apresenta\u00e7\u00f5es: Revisar PPTs de Campanhas, propostas e relat\u00f3rios para clientes (zero erro em n\u00fameros, nomes e conceitos).<br \/>\n&#8211; Audiovisual: Revisar legendas de v\u00eddeos curtos (Reels\/TikTok) e v\u00eddeos longos (YouTube)<br \/>\n&#8211; Checagem de Fatos: verificar se nomes de marcas e termos t\u00e9cnicos est\u00e3o corretos antes da publica\u00e7\u00e3o\/envio.<\/p>\n<p>O que buscamos (Requisitos)<br \/>\n&#8211; Dom\u00ednio impec\u00e1vel das normas da l\u00edngua portuguesa (p\u00f3s-acordo ortogr\u00e1fico).<br \/>\n&#8211; Experi\u00eancia pr\u00e9via em ag\u00eancias de publicidade ou editoras.<br \/>\n&#8211; Agilidade para lidar com prazos sem perder a aten\u00e7\u00e3o aos detalhes.<\/p>\n<p>Diferencial<br \/>\n&#8211; Conhecimento em revis\u00e3o de legendas (entender a din\u00e2mica de tempo de leitura em v\u00eddeo).<\/p>\n<ul>\n<li>Local de trabalho: Rio de Janeiro, RJ<\/li>\n<li>Regime de contrata\u00e7\u00e3o de tipo: Prestador de Servi\u00e7os (PJ)<\/li>\n<li>Jornada: Per\u00edodo Integral<\/li>\n<li>\u00c1rea e especializa\u00e7\u00e3o profissional: Educa\u00e7\u00e3o, Ensino, Idiomas &#8211; Portugu\u00eas<\/li>\n<li>N\u00edvel hier\u00e1rquico: Analista<\/li>\n<\/ul>\n<p>VALORIZADO<\/p>\n<p>Tempo de experi\u00eancia: Entre 3 e 5 anos<\/p>\n<p>HABILIDADES<\/p>\n<ul>\n<li>Portugu\u00eas<\/li>\n<li>Organiza\u00e7\u00e3o<\/li>\n<li>Aten\u00e7\u00e3o aos detalhes<\/li>\n<\/ul>\n<p>Escolaridade M\u00ednima: Ensino Superior<\/p>\n","protected":false},"excerpt":{"rendered":"<p>&#8211; Revis\u00e3o Gramatical e Ortogr\u00e1fica: Garantir a corre\u00e7\u00e3o de posts est\u00e1ticos, carross\u00e9is, stories e roteiros. &#8211; Apresenta\u00e7\u00f5es: Revisar PPTs de Campanhas, propostas e relat\u00f3rios para clientes (zero erro em n\u00fameros, nomes e conceitos). &#8211; Audiovisual: Revisar legendas de v\u00eddeos curtos (Reels\/TikTok) e v\u00eddeos longos (YouTube) &#8211; Checagem de Fatos: verificar se nomes de marcas e [&hellip;]<\/p>\n","protected":false},"author":1,"featured_media":0,"comment_status":"open","ping_status":"open","sticky":false,"template":"","format":"standard","meta":{"footnotes":""},"categories":[21],"tags":[],"class_list":["post-2379","post","type-post","status-publish","format-standard","hentry","category-rio-de-janeiro-rj"],"_links":{"self":[{"href":"https:\/\/vagas.portalemprego.com.br\/index.php?rest_route=\/wp\/v2\/posts\/2379","targetHints":{"allow":["GET"]}}],"collection":[{"href":"https:\/\/vagas.portalemprego.com.br\/index.php?rest_route=\/wp\/v2\/posts"}],"about":[{"href":"https:\/\/vagas.portalemprego.com.br\/index.php?rest_route=\/wp\/v2\/types\/post"}],"author":[{"embeddable":true,"href":"https:\/\/vagas.portalemprego.com.br\/index.php?rest_route=\/wp\/v2\/users\/1"}],"replies":[{"embeddable":true,"href":"https:\/\/vagas.portalemprego.com.br\/index.php?rest_route=%2Fwp%2Fv2%2Fcomments&post=2379"}],"version-history":[{"count":0,"href":"https:\/\/vagas.portalemprego.com.br\/index.php?rest_route=\/wp\/v2\/posts\/2379\/revisions"}],"wp:attachment":[{"href":"https:\/\/vagas.portalemprego.com.br\/index.php?rest_route=%2Fwp%2Fv2%2Fmedia&parent=2379"}],"wp:term":[{"taxonomy":"category","embeddable":true,"href":"https:\/\/vagas.portalemprego.com.br\/index.php?rest_route=%2Fwp%2Fv2%2Fcategories&post=2379"},{"taxonomy":"post_tag","embeddable":true,"href":"https:\/\/vagas.portalemprego.com.br\/index.php?rest_route=%2Fwp%2Fv2%2Ftags&post=2379"}],"curies":[{"name":"wp","href":"https:\/\/api.w.org\/{rel}","templated":true}]}}