{"id":2382,"date":"2026-04-29T06:30:30","date_gmt":"2026-04-29T09:30:30","guid":{"rendered":"https:\/\/vagas.portalemprego.com.br\/?p=2382"},"modified":"2026-04-29T06:30:30","modified_gmt":"2026-04-29T09:30:30","slug":"operador-de-delivery-alimentacao-gastronomia-rio-de-janeiro","status":"publish","type":"post","link":"https:\/\/vagas.portalemprego.com.br\/?p=2382","title":{"rendered":"Operador de Delivery &#8211; Alimenta\u00e7\u00e3o \/ Gastronomia &#8211; Rio de Janeiro"},"content":{"rendered":"<p>J\u00e1 conhece o Gurum\u00ea?<br \/>\nSomos um restaurante de cozinha oriental que traz o conceito japa fusion. Fazemos parte do Grupo Trigo, uma holding 100% brasileira, que nasceu com o prop\u00f3sito de democratizar a boa culin\u00e1ria. Se quiser conhecer um pouquinho mais da nossa hist\u00f3ria, aproveita e d\u00e1 uma lida no resuminho que tem ali embaixo \ud83d\ude09<br \/>\nAgora vamos ao que interessa? Se voc\u00ea \u00e9 aquela pessoa que adooooora atendimento ao cliente, sabe lidar com facilidade com pessoas, ama culin\u00e1ria japonesa tanto quanto a gente e, o mais importante de tudo, \u00e9 super simp\u00e1tico&#8230; ent\u00e3o essa vaga \u00e9 per-fei-ta pra voc\u00ea!!!<br \/>\nResponsabilidades e atribui\u00e7\u00f5es:<br \/>\nAtendimento dos pedidos pelos canais de Delivery;<br \/>\nManter a organiza\u00e7\u00e3o e agilidade para uma boa experi\u00eancia do cliente;<br \/>\nAprender sobre o card\u00e1pio da casa.<br \/>\nRequisitos e qualifica\u00e7\u00f5es:<br \/>\nTer facilidade em se comunicar;<br \/>\nTer experi\u00eancia com Delivery;<br \/>\nPaix\u00e3o por atendimento ao cliente;<br \/>\nTer muita vontade de aprender e crescer com a equipe;<br \/>\nDisponibilidade de hor\u00e1rios;<br \/>\nF\u00e1cil acesso \u00e0 Barra da Tijuca;<br \/>\nInforma\u00e7\u00f5es adicionais:<br \/>\nRemunera\u00e7\u00e3o: Sal\u00e1rio + Comiss\u00e3o (vari\u00e1vel); Vale Transporte; Assist\u00eancia M\u00e9dica e Odontol\u00f3gica; Gympass; Aux\u00edlio Farm\u00e1cia; Aux\u00edlio Creche + PLR (Participa\u00e7\u00e3o nos lucros) Conv\u00eanio com Sesc; Conv\u00eanio com faculdades; Conv\u00eanio com cursos de idiomas; Refei\u00e7\u00e3o no local; Plano de Carreira (ou seja, chances de crescimento e desenvolvimento dentro do Grupo).<\/p>\n<ul>\n<li>Local de trabalho: Rio de Janeiro, RJ<\/li>\n<li>Regime de contrata\u00e7\u00e3o de tipo: Efetivo \u2013 CLT<\/li>\n<li>Jornada: Per\u00edodo Integral<\/li>\n<li>\u00c1rea e especializa\u00e7\u00e3o profissional: Alimenta\u00e7\u00e3o \/ Gastronomia &#8211; Gastronomia<\/li>\n<li>N\u00edvel hier\u00e1rquico: Operacional<\/li>\n<\/ul>\n<p>VALORIZADO<\/p>\n<p>Tempo de experi\u00eancia: Entre 1 e 3 anos<\/p>\n<p>Escolaridade M\u00ednima: Ensino Fundamental (1\u00ba grau)<\/p>\n<ul>\n<li>Vale transporte<\/li>\n<li>Plano de Sa\u00fade<\/li>\n<li>Plano Odontol\u00f3gica<\/li>\n<li>Seguro de Vida<\/li>\n<li>Gympass<\/li>\n<li>OMNI (200,00\/M\u00eas para medicamentos prescritos)<\/li>\n<li>Chances de crescimento<\/li>\n<li>PLR<\/li>\n<\/ul>\n<p>Sal\u00e1rio: 2558,8<\/p>\n","protected":false},"excerpt":{"rendered":"<p>J\u00e1 conhece o Gurum\u00ea? Somos um restaurante de cozinha oriental que traz o conceito japa fusion. Fazemos parte do Grupo Trigo, uma holding 100% brasileira, que nasceu com o prop\u00f3sito de democratizar a boa culin\u00e1ria. Se quiser conhecer um pouquinho mais da nossa hist\u00f3ria, aproveita e d\u00e1 uma lida no resuminho que tem ali embaixo [&hellip;]<\/p>\n","protected":false},"author":1,"featured_media":0,"comment_status":"open","ping_status":"open","sticky":false,"template":"","format":"standard","meta":{"footnotes":""},"categories":[21],"tags":[],"class_list":["post-2382","post","type-post","status-publish","format-standard","hentry","category-rio-de-janeiro-rj"],"_links":{"self":[{"href":"https:\/\/vagas.portalemprego.com.br\/index.php?rest_route=\/wp\/v2\/posts\/2382","targetHints":{"allow":["GET"]}}],"collection":[{"href":"https:\/\/vagas.portalemprego.com.br\/index.php?rest_route=\/wp\/v2\/posts"}],"about":[{"href":"https:\/\/vagas.portalemprego.com.br\/index.php?rest_route=\/wp\/v2\/types\/post"}],"author":[{"embeddable":true,"href":"https:\/\/vagas.portalemprego.com.br\/index.php?rest_route=\/wp\/v2\/users\/1"}],"replies":[{"embeddable":true,"href":"https:\/\/vagas.portalemprego.com.br\/index.php?rest_route=%2Fwp%2Fv2%2Fcomments&post=2382"}],"version-history":[{"count":0,"href":"https:\/\/vagas.portalemprego.com.br\/index.php?rest_route=\/wp\/v2\/posts\/2382\/revisions"}],"wp:attachment":[{"href":"https:\/\/vagas.portalemprego.com.br\/index.php?rest_route=%2Fwp%2Fv2%2Fmedia&parent=2382"}],"wp:term":[{"taxonomy":"category","embeddable":true,"href":"https:\/\/vagas.portalemprego.com.br\/index.php?rest_route=%2Fwp%2Fv2%2Fcategories&post=2382"},{"taxonomy":"post_tag","embeddable":true,"href":"https:\/\/vagas.portalemprego.com.br\/index.php?rest_route=%2Fwp%2Fv2%2Ftags&post=2382"}],"curies":[{"name":"wp","href":"https:\/\/api.w.org\/{rel}","templated":true}]}}