{"id":2385,"date":"2026-04-29T06:30:30","date_gmt":"2026-04-29T09:30:30","guid":{"rendered":"https:\/\/vagas.portalemprego.com.br\/?p=2385"},"modified":"2026-04-29T06:30:30","modified_gmt":"2026-04-29T09:30:30","slug":"analista-de-perfomance-pleno-e-commerce-marketing-rio-de-janeiro","status":"publish","type":"post","link":"https:\/\/vagas.portalemprego.com.br\/?p=2385","title":{"rendered":"Analista de Perfomance Pleno | E-commerce &#8211; Marketing &#8211; Rio de Janeiro"},"content":{"rendered":"<p>Marca de capacetes contrata:  Analista de Perfomance Pleno<br \/>\nA posi\u00e7\u00e3o \u00e9 focada na gest\u00e3o de tr\u00e1fego pago, sendo respons\u00e1vel pelo planejamento, execu\u00e7\u00e3o e otimiza\u00e7\u00e3o de campanhas em Google Ads, Meta Ads, TikTok Ads e Pinterest Ads, sempre com foco em aumento de vendas e melhoria de performance.<br \/>\n?? Requisitos:<br \/>\n \u2022 Experi\u00eancia s\u00f3lida com m\u00eddia paga, com foco em tr\u00e1fego pago para e-commerce em cargos de Assistente\/Analista<br \/>\n \u2022 Dom\u00ednio de Google Ads (Search, Shopping e Performance Max), Meta Ads, TikTok Ads e Pinterest Ads<br \/>\n \u2022 Experi\u00eancia com gest\u00e3o e otimiza\u00e7\u00e3o de campanhas orientadas a performance<br \/>\n \u2022 Forte atua\u00e7\u00e3o com m\u00e9tricas (ROAS, CAC, CPA, CPC, CTR e taxa de convers\u00e3o)<br \/>\n \u2022 Conhecimento em funil de vendas completo (prospec\u00e7\u00e3o, considera\u00e7\u00e3o, convers\u00e3o e remarketing)<br \/>\n \u2022 Experi\u00eancia com testes A\/B e otimiza\u00e7\u00e3o de convers\u00e3o (CRO)<br \/>\n \u2022 Dom\u00ednio de tracking e mensura\u00e7\u00e3o (GA4, pixels, UTMs e valida\u00e7\u00e3o de eventos)<br \/>\n \u2022 Capacidade anal\u00edtica para leitura de dados e tomada de decis\u00e3o<br \/>\n \u2022 Excel\/Google Sheets intermedi\u00e1rio ou avan\u00e7ado<br \/>\n \u2022 Ensino superior cursando ou completo (Administra\u00e7\u00e3o, TI, Economia ou \u00e1reas correlatas)<\/p>\n<p>?? Sal\u00e1rio: R$ 5.500 + benef\u00edcios (plano de sa\u00fade, odontol\u00f3gico, VA e VR)<br \/>\n ?? Hor\u00e1rio: Segunda a sexta, das 09h \u00e0s 18h<br \/>\n ?? Local: Leblon \u2013 RJ (PRESENCIAL)<\/p>\n<ul>\n<li>Local de trabalho: Rio de Janeiro, RJ<\/li>\n<li>Regime de contrata\u00e7\u00e3o de tipo: Efetivo \u2013 CLT<\/li>\n<li>Jornada: Per\u00edodo Integral<\/li>\n<li>\u00c1rea e especializa\u00e7\u00e3o profissional: Marketing &#8211; Intelig\u00eancia de Mercado \/ Estrat\u00e9gia<\/li>\n<li>N\u00edvel hier\u00e1rquico: Analista<\/li>\n<\/ul>\n<p>Escolaridade M\u00ednima: Ensino Superior<\/p>\n<p>Sal\u00e1rio: 5500,0<\/p>\n","protected":false},"excerpt":{"rendered":"<p>Marca de capacetes contrata: Analista de Perfomance Pleno A posi\u00e7\u00e3o \u00e9 focada na gest\u00e3o de tr\u00e1fego pago, sendo respons\u00e1vel pelo planejamento, execu\u00e7\u00e3o e otimiza\u00e7\u00e3o de campanhas em Google Ads, Meta Ads, TikTok Ads e Pinterest Ads, sempre com foco em aumento de vendas e melhoria de performance. ?? Requisitos: \u2022 Experi\u00eancia s\u00f3lida com m\u00eddia paga, [&hellip;]<\/p>\n","protected":false},"author":1,"featured_media":0,"comment_status":"open","ping_status":"open","sticky":false,"template":"","format":"standard","meta":{"footnotes":""},"categories":[21],"tags":[],"class_list":["post-2385","post","type-post","status-publish","format-standard","hentry","category-rio-de-janeiro-rj"],"_links":{"self":[{"href":"https:\/\/vagas.portalemprego.com.br\/index.php?rest_route=\/wp\/v2\/posts\/2385","targetHints":{"allow":["GET"]}}],"collection":[{"href":"https:\/\/vagas.portalemprego.com.br\/index.php?rest_route=\/wp\/v2\/posts"}],"about":[{"href":"https:\/\/vagas.portalemprego.com.br\/index.php?rest_route=\/wp\/v2\/types\/post"}],"author":[{"embeddable":true,"href":"https:\/\/vagas.portalemprego.com.br\/index.php?rest_route=\/wp\/v2\/users\/1"}],"replies":[{"embeddable":true,"href":"https:\/\/vagas.portalemprego.com.br\/index.php?rest_route=%2Fwp%2Fv2%2Fcomments&post=2385"}],"version-history":[{"count":0,"href":"https:\/\/vagas.portalemprego.com.br\/index.php?rest_route=\/wp\/v2\/posts\/2385\/revisions"}],"wp:attachment":[{"href":"https:\/\/vagas.portalemprego.com.br\/index.php?rest_route=%2Fwp%2Fv2%2Fmedia&parent=2385"}],"wp:term":[{"taxonomy":"category","embeddable":true,"href":"https:\/\/vagas.portalemprego.com.br\/index.php?rest_route=%2Fwp%2Fv2%2Fcategories&post=2385"},{"taxonomy":"post_tag","embeddable":true,"href":"https:\/\/vagas.portalemprego.com.br\/index.php?rest_route=%2Fwp%2Fv2%2Ftags&post=2385"}],"curies":[{"name":"wp","href":"https:\/\/api.w.org\/{rel}","templated":true}]}}