{"id":2386,"date":"2026-04-29T06:30:30","date_gmt":"2026-04-29T09:30:30","guid":{"rendered":"https:\/\/vagas.portalemprego.com.br\/?p=2386"},"modified":"2026-04-29T06:30:30","modified_gmt":"2026-04-29T09:30:30","slug":"enfermeiro-uti-adulto-temporario-tijuca-rj-saude-rio-de-janeiro","status":"publish","type":"post","link":"https:\/\/vagas.portalemprego.com.br\/?p=2386","title":{"rendered":"Enfermeiro UTI Adulto (Tempor\u00e1rio), Tijuca, RJ &#8211; Sa\u00fade &#8211; Rio de Janeiro"},"content":{"rendered":"<p>Empresa do segmento da sa\u00fade, com grande representatividade em seu mercado de atua\u00e7\u00e3o, contrata para atuar em um de seus Hospitais localizado na regi\u00e3o da Tijuca, RJ.<\/p>\n<p>Contrata\u00e7\u00e3o tempor\u00e1ria de 90 dias.<\/p>\n<p>O profissional ir\u00e1 aplicar t\u00e9cnicas de assist\u00eancia de enfermagem aos pacientes em atendimento na institui\u00e7\u00e3o, utilizando t\u00e9cnicas apropriadas para cada procedimento e trabalhando conforme as boas pr\u00e1ticas, normas e procedimentos de biosseguran\u00e7a e conforme prerrogativas estabelecidas pelo Conselho de Classe, contribuindo com o tratamento e recupera\u00e7\u00e3o do paciente.<\/p>\n<p>Sal\u00e1rio: R$ 3.690,00 + 20% insalubridade + VT + Refei\u00e7\u00e3o no Local<\/p>\n<p>Hor\u00e1rio: 12&#215;36 das 07h \u00e0s 19h<\/p>\n<p>Perfil esperado \/ requisitos<br \/>\nCurso Superior em Enfermagem com COREN ativo e carteirinha v\u00e1lida;<br \/>\nExperi\u00eancia anterior no setor de UTI Adulto por pelo menos 6 meses;<br \/>\nDisponibilidade para atuar 12&#215;36 das 07h \u00e0s 19h;<br \/>\nF\u00e1cil acesso a Tijuca, RJ.<\/p>\n<ul>\n<li>Local de trabalho: Rio de Janeiro, RJ<\/li>\n<li>Regime de contrata\u00e7\u00e3o de tipo: Tempor\u00e1rio<\/li>\n<li>Jornada: Per\u00edodo Integral<\/li>\n<li>\u00c1rea e especializa\u00e7\u00e3o profissional: Sa\u00fade &#8211; Enfermagem<\/li>\n<li>N\u00edvel hier\u00e1rquico: Operacional<\/li>\n<\/ul>\n<p>VALORIZADO<\/p>\n<p>Tempo de experi\u00eancia: Entre 3 e 5 anos<\/p>\n<p>HABILIDADES<\/p>\n<ul>\n<li>UTI ADULTO<\/li>\n<li>Enfermagem<\/li>\n<\/ul>\n<p>Escolaridade M\u00ednima: Ensino Superior<\/p>\n<ul>\n<li>VT<\/li>\n<li>Refei\u00e7\u00e3o no local<\/li>\n<\/ul>\n<p>Sal\u00e1rio: 3690,0<\/p>\n","protected":false},"excerpt":{"rendered":"<p>Empresa do segmento da sa\u00fade, com grande representatividade em seu mercado de atua\u00e7\u00e3o, contrata para atuar em um de seus Hospitais localizado na regi\u00e3o da Tijuca, RJ. Contrata\u00e7\u00e3o tempor\u00e1ria de 90 dias. O profissional ir\u00e1 aplicar t\u00e9cnicas de assist\u00eancia de enfermagem aos pacientes em atendimento na institui\u00e7\u00e3o, utilizando t\u00e9cnicas apropriadas para cada procedimento e trabalhando [&hellip;]<\/p>\n","protected":false},"author":1,"featured_media":0,"comment_status":"open","ping_status":"open","sticky":false,"template":"","format":"standard","meta":{"footnotes":""},"categories":[21],"tags":[],"class_list":["post-2386","post","type-post","status-publish","format-standard","hentry","category-rio-de-janeiro-rj"],"_links":{"self":[{"href":"https:\/\/vagas.portalemprego.com.br\/index.php?rest_route=\/wp\/v2\/posts\/2386","targetHints":{"allow":["GET"]}}],"collection":[{"href":"https:\/\/vagas.portalemprego.com.br\/index.php?rest_route=\/wp\/v2\/posts"}],"about":[{"href":"https:\/\/vagas.portalemprego.com.br\/index.php?rest_route=\/wp\/v2\/types\/post"}],"author":[{"embeddable":true,"href":"https:\/\/vagas.portalemprego.com.br\/index.php?rest_route=\/wp\/v2\/users\/1"}],"replies":[{"embeddable":true,"href":"https:\/\/vagas.portalemprego.com.br\/index.php?rest_route=%2Fwp%2Fv2%2Fcomments&post=2386"}],"version-history":[{"count":0,"href":"https:\/\/vagas.portalemprego.com.br\/index.php?rest_route=\/wp\/v2\/posts\/2386\/revisions"}],"wp:attachment":[{"href":"https:\/\/vagas.portalemprego.com.br\/index.php?rest_route=%2Fwp%2Fv2%2Fmedia&parent=2386"}],"wp:term":[{"taxonomy":"category","embeddable":true,"href":"https:\/\/vagas.portalemprego.com.br\/index.php?rest_route=%2Fwp%2Fv2%2Fcategories&post=2386"},{"taxonomy":"post_tag","embeddable":true,"href":"https:\/\/vagas.portalemprego.com.br\/index.php?rest_route=%2Fwp%2Fv2%2Ftags&post=2386"}],"curies":[{"name":"wp","href":"https:\/\/api.w.org\/{rel}","templated":true}]}}