{"id":2392,"date":"2026-04-29T06:30:30","date_gmt":"2026-04-29T09:30:30","guid":{"rendered":"https:\/\/vagas.portalemprego.com.br\/?p=2392"},"modified":"2026-04-29T06:30:30","modified_gmt":"2026-04-29T09:30:30","slug":"assistente-de-recrutamento-e-selecao-recursos-humanos-rio-de-janeiro-2","status":"publish","type":"post","link":"https:\/\/vagas.portalemprego.com.br\/?p=2392","title":{"rendered":"Assistente de Recrutamento e Sele\u00e7\u00e3o &#8211; Recursos Humanos &#8211; Rio de Janeiro"},"content":{"rendered":"<p>Adecco em parceria com uma grande empresa na \u00e1rea da sa\u00fade, contrata ao cargo de Assistente Administrativo com foco em Recrutamento e Sele\u00e7\u00e3o, para vaga tempor\u00e1ria de 90 dias, podendo prorrogar.<\/p>\n<p>Requisitos:<br \/>\nEnsino superior cursando e\/ou completo<br \/>\nExperi\u00eancia no suporte administrativo na rotina de R&amp;S end to end.<br \/>\nDisponibilidade para atua\u00e7\u00e3o h\u00edbrida (3x presenciais e 2 home office); f\u00e1cil acesso ao Centro do RJ e interesse em vaga tempor\u00e1ria de 90 dias, podendo prorrogar.<\/p>\n<ul>\n<li>Local de trabalho: Rio de Janeiro, RJ<\/li>\n<li>Regime de contrata\u00e7\u00e3o de tipo: Tempor\u00e1rio<\/li>\n<li>Jornada: Per\u00edodo Integral<\/li>\n<li>\u00c1rea e especializa\u00e7\u00e3o profissional: Recursos Humanos &#8211; Recrutamento e Sele\u00e7\u00e3o<\/li>\n<li>N\u00edvel hier\u00e1rquico: Assistente<\/li>\n<\/ul>\n<p>VALORIZADO<\/p>\n<p>Tempo de experi\u00eancia: Entre 1 e 3 anos<\/p>\n<p>Escolaridade M\u00ednima: Ensino Superior<\/p>\n<ul>\n<li>Vale-refei\u00e7\u00e3o<\/li>\n<li>Vale-transporte<\/li>\n<\/ul>\n<p>Sal\u00e1rio: 2000,0<\/p>\n","protected":false},"excerpt":{"rendered":"<p>Adecco em parceria com uma grande empresa na \u00e1rea da sa\u00fade, contrata ao cargo de Assistente Administrativo com foco em Recrutamento e Sele\u00e7\u00e3o, para vaga tempor\u00e1ria de 90 dias, podendo prorrogar. Requisitos: Ensino superior cursando e\/ou completo Experi\u00eancia no suporte administrativo na rotina de R&amp;S end to end. Disponibilidade para atua\u00e7\u00e3o h\u00edbrida (3x presenciais e [&hellip;]<\/p>\n","protected":false},"author":1,"featured_media":0,"comment_status":"open","ping_status":"open","sticky":false,"template":"","format":"standard","meta":{"footnotes":""},"categories":[21],"tags":[],"class_list":["post-2392","post","type-post","status-publish","format-standard","hentry","category-rio-de-janeiro-rj"],"_links":{"self":[{"href":"https:\/\/vagas.portalemprego.com.br\/index.php?rest_route=\/wp\/v2\/posts\/2392","targetHints":{"allow":["GET"]}}],"collection":[{"href":"https:\/\/vagas.portalemprego.com.br\/index.php?rest_route=\/wp\/v2\/posts"}],"about":[{"href":"https:\/\/vagas.portalemprego.com.br\/index.php?rest_route=\/wp\/v2\/types\/post"}],"author":[{"embeddable":true,"href":"https:\/\/vagas.portalemprego.com.br\/index.php?rest_route=\/wp\/v2\/users\/1"}],"replies":[{"embeddable":true,"href":"https:\/\/vagas.portalemprego.com.br\/index.php?rest_route=%2Fwp%2Fv2%2Fcomments&post=2392"}],"version-history":[{"count":0,"href":"https:\/\/vagas.portalemprego.com.br\/index.php?rest_route=\/wp\/v2\/posts\/2392\/revisions"}],"wp:attachment":[{"href":"https:\/\/vagas.portalemprego.com.br\/index.php?rest_route=%2Fwp%2Fv2%2Fmedia&parent=2392"}],"wp:term":[{"taxonomy":"category","embeddable":true,"href":"https:\/\/vagas.portalemprego.com.br\/index.php?rest_route=%2Fwp%2Fv2%2Fcategories&post=2392"},{"taxonomy":"post_tag","embeddable":true,"href":"https:\/\/vagas.portalemprego.com.br\/index.php?rest_route=%2Fwp%2Fv2%2Ftags&post=2392"}],"curies":[{"name":"wp","href":"https:\/\/api.w.org\/{rel}","templated":true}]}}