{"id":2393,"date":"2026-04-29T06:30:30","date_gmt":"2026-04-29T09:30:30","guid":{"rendered":"https:\/\/vagas.portalemprego.com.br\/?p=2393"},"modified":"2026-04-29T06:30:30","modified_gmt":"2026-04-29T09:30:30","slug":"auxiliar-de-manutencao-predial-construcao-manutencao-rio-de-janeiro","status":"publish","type":"post","link":"https:\/\/vagas.portalemprego.com.br\/?p=2393","title":{"rendered":"Auxiliar de Manuten\u00e7\u00e3o Predial &#8211; Constru\u00e7\u00e3o, Manuten\u00e7\u00e3o &#8211; Rio de Janeiro"},"content":{"rendered":"<p>Se voc\u00ea \u00e9 um profissional respons\u00e1vel, pr\u00e1tico e gosta de colocar a m\u00e3o na massa, essa oportunidade \u00e9 para voc\u00ea! Procuramos um auxiliar de manuten\u00e7\u00e3o predial comprometido, com aten\u00e7\u00e3o aos detalhes e foco em garantir o bom funcionamento e a conserva\u00e7\u00e3o das instala\u00e7\u00f5es.<\/p>\n<p>Principais atividades:<br \/>\nAuxiliar na manuten\u00e7\u00e3o el\u00e9trica b\u00e1sica (troca de l\u00e2mpadas, lumin\u00e1rias);<br \/>\nExecutar pequenos reparos hidr\u00e1ulicos (torneiras, vazamentos, descargas);<br \/>\nRealizar servi\u00e7os de alvenaria simples (reboco, pintura, pequenos reparos);<br \/>\nApoiar na manuten\u00e7\u00e3o de portas, janelas, fechaduras e mobili\u00e1rios;<br \/>\nAcompanhar servi\u00e7os de manuten\u00e7\u00e3o realizados por terceiros, quando necess\u00e1rio;<br \/>\nRealizar inspe\u00e7\u00f5es peri\u00f3dicas nas instala\u00e7\u00f5es para identificar problemas;<br \/>\nAuxiliar na limpeza t\u00e9cnica de \u00e1reas e equipamentos;<br \/>\nTransportar materiais, ferramentas e equipamentos<br \/>\nZelar pela conserva\u00e7\u00e3o de ferramentas e do ambiente de trabalho;<br \/>\nCumprir normas de seguran\u00e7a do trabalho, utilizando EPIs adequados.<br \/>\nRequisitos:<br \/>\nDisponibilidade e aptid\u00e3o para atividades que exigem esfor\u00e7o f\u00edsico intenso, como suporte em obras e limpezas pesadas;<br \/>\nCapacidade f\u00edsica para atividades operacionais (carregar peso, subir escadas etc.);<br \/>\nEnsino fundamental<br \/>\nConhecimentos b\u00e1sicos em manuten\u00e7\u00e3o predial (el\u00e9trica, hidr\u00e1ulica ou civil).<\/p>\n<ul>\n<li>Local de trabalho: Rio de Janeiro, RJ<\/li>\n<li>Regime de contrata\u00e7\u00e3o de tipo: Efetivo \u2013 CLT<\/li>\n<li>Jornada: Per\u00edodo Integral<\/li>\n<li>\u00c1rea e especializa\u00e7\u00e3o profissional: Constru\u00e7\u00e3o, Manuten\u00e7\u00e3o &#8211; Manuten\u00e7\u00e3o em Geral<\/li>\n<li>N\u00edvel hier\u00e1rquico: Auxiliar<\/li>\n<\/ul>\n<p>VALORIZADO<\/p>\n<p>Tempo de experi\u00eancia: Entre 1 e 3 anos<\/p>\n<p>Escolaridade M\u00ednima: Ensino Fundamental (1\u00ba grau)<\/p>\n<ul>\n<li>Assist\u00eancia odontol\u00f3gica<\/li>\n<li>Assist\u00eancia m\u00e9dica<\/li>\n<li>Vale-transporte<\/li>\n<li>Refei\u00e7\u00e3o no local<\/li>\n<li>Wellhub<\/li>\n<\/ul>\n","protected":false},"excerpt":{"rendered":"<p>Se voc\u00ea \u00e9 um profissional respons\u00e1vel, pr\u00e1tico e gosta de colocar a m\u00e3o na massa, essa oportunidade \u00e9 para voc\u00ea! Procuramos um auxiliar de manuten\u00e7\u00e3o predial comprometido, com aten\u00e7\u00e3o aos detalhes e foco em garantir o bom funcionamento e a conserva\u00e7\u00e3o das instala\u00e7\u00f5es. Principais atividades: Auxiliar na manuten\u00e7\u00e3o el\u00e9trica b\u00e1sica (troca de l\u00e2mpadas, lumin\u00e1rias); Executar [&hellip;]<\/p>\n","protected":false},"author":1,"featured_media":0,"comment_status":"open","ping_status":"open","sticky":false,"template":"","format":"standard","meta":{"footnotes":""},"categories":[21],"tags":[],"class_list":["post-2393","post","type-post","status-publish","format-standard","hentry","category-rio-de-janeiro-rj"],"_links":{"self":[{"href":"https:\/\/vagas.portalemprego.com.br\/index.php?rest_route=\/wp\/v2\/posts\/2393","targetHints":{"allow":["GET"]}}],"collection":[{"href":"https:\/\/vagas.portalemprego.com.br\/index.php?rest_route=\/wp\/v2\/posts"}],"about":[{"href":"https:\/\/vagas.portalemprego.com.br\/index.php?rest_route=\/wp\/v2\/types\/post"}],"author":[{"embeddable":true,"href":"https:\/\/vagas.portalemprego.com.br\/index.php?rest_route=\/wp\/v2\/users\/1"}],"replies":[{"embeddable":true,"href":"https:\/\/vagas.portalemprego.com.br\/index.php?rest_route=%2Fwp%2Fv2%2Fcomments&post=2393"}],"version-history":[{"count":0,"href":"https:\/\/vagas.portalemprego.com.br\/index.php?rest_route=\/wp\/v2\/posts\/2393\/revisions"}],"wp:attachment":[{"href":"https:\/\/vagas.portalemprego.com.br\/index.php?rest_route=%2Fwp%2Fv2%2Fmedia&parent=2393"}],"wp:term":[{"taxonomy":"category","embeddable":true,"href":"https:\/\/vagas.portalemprego.com.br\/index.php?rest_route=%2Fwp%2Fv2%2Fcategories&post=2393"},{"taxonomy":"post_tag","embeddable":true,"href":"https:\/\/vagas.portalemprego.com.br\/index.php?rest_route=%2Fwp%2Fv2%2Ftags&post=2393"}],"curies":[{"name":"wp","href":"https:\/\/api.w.org\/{rel}","templated":true}]}}