{"id":2394,"date":"2026-04-29T06:30:30","date_gmt":"2026-04-29T09:30:30","guid":{"rendered":"https:\/\/vagas.portalemprego.com.br\/?p=2394"},"modified":"2026-04-29T06:30:30","modified_gmt":"2026-04-29T09:30:30","slug":"auxiliar-de-operacoes-logisticas-queimados-rj-logistica-queimados","status":"publish","type":"post","link":"https:\/\/vagas.portalemprego.com.br\/?p=2394","title":{"rendered":"Auxiliar de Opera\u00e7\u00f5es Log\u00edsticas &#8211; Queimados (RJ) &#8211; Log\u00edstica &#8211; Queimados"},"content":{"rendered":"<p>Responsabilidades:<br \/>\nReceber,\u00a0separar,\u00a0armazenar,\u00a0distribuir e \u00a0embalar os produtos\u00a0 no CD;<br \/>\nGarantir\u00a0a\u00a0correta\u00a0e\u00a0assertiva\u00a0separa\u00e7\u00e3o\u00a0de\u00a0pedidos;<br \/>\nRequisitos:\u00a0<br \/>\nNecess\u00e1rio\u00a0experi\u00eancia\u00a0anterior\u00a0na\u00a0\u00e1rea;\u00a0<br \/>\nEnsino\u00a0m\u00e9dio\u00a0completo;\u00a0<br \/>\nDisponibilidade\u00a0de\u00a0hor\u00e1rio.<\/p>\n<ul>\n<li>N\u00famero de vagas: 3<\/li>\n<li>Local de trabalho: Queimados, RJ<\/li>\n<li>Regime de contrata\u00e7\u00e3o de tipo: Efetivo \u2013 CLT<\/li>\n<li>Jornada: Per\u00edodo Integral<\/li>\n<li>\u00c1rea e especializa\u00e7\u00e3o profissional: Log\u00edstica &#8211; Log\u00edstica<\/li>\n<li>N\u00edvel hier\u00e1rquico: Auxiliar<\/li>\n<\/ul>\n<p>VALORIZADO<\/p>\n<p>Tempo de experi\u00eancia: Entre 1 e 3 anos<\/p>\n<p>Escolaridade M\u00ednima: Ensino M\u00e9dio (2\u00ba Grau)<\/p>\n<ul>\n<li>Assist\u00eancia m\u00e9dica<\/li>\n<li>Refei\u00e7\u00e3o no local<\/li>\n<li>Assist\u00eancia odontol\u00f3gica<\/li>\n<\/ul>\n","protected":false},"excerpt":{"rendered":"<p>Responsabilidades: Receber,\u00a0separar,\u00a0armazenar,\u00a0distribuir e \u00a0embalar os produtos\u00a0 no CD; Garantir\u00a0a\u00a0correta\u00a0e\u00a0assertiva\u00a0separa\u00e7\u00e3o\u00a0de\u00a0pedidos; Requisitos:\u00a0 Necess\u00e1rio\u00a0experi\u00eancia\u00a0anterior\u00a0na\u00a0\u00e1rea;\u00a0 Ensino\u00a0m\u00e9dio\u00a0completo;\u00a0 Disponibilidade\u00a0de\u00a0hor\u00e1rio. N\u00famero de vagas: 3 Local de trabalho: Queimados, RJ Regime de contrata\u00e7\u00e3o de tipo: Efetivo \u2013 CLT Jornada: Per\u00edodo Integral \u00c1rea e especializa\u00e7\u00e3o profissional: Log\u00edstica &#8211; Log\u00edstica N\u00edvel hier\u00e1rquico: Auxiliar VALORIZADO Tempo de experi\u00eancia: Entre 1 e 3 anos Escolaridade M\u00ednima: Ensino [&hellip;]<\/p>\n","protected":false},"author":1,"featured_media":0,"comment_status":"open","ping_status":"open","sticky":false,"template":"","format":"standard","meta":{"footnotes":""},"categories":[21],"tags":[],"class_list":["post-2394","post","type-post","status-publish","format-standard","hentry","category-rio-de-janeiro-rj"],"_links":{"self":[{"href":"https:\/\/vagas.portalemprego.com.br\/index.php?rest_route=\/wp\/v2\/posts\/2394","targetHints":{"allow":["GET"]}}],"collection":[{"href":"https:\/\/vagas.portalemprego.com.br\/index.php?rest_route=\/wp\/v2\/posts"}],"about":[{"href":"https:\/\/vagas.portalemprego.com.br\/index.php?rest_route=\/wp\/v2\/types\/post"}],"author":[{"embeddable":true,"href":"https:\/\/vagas.portalemprego.com.br\/index.php?rest_route=\/wp\/v2\/users\/1"}],"replies":[{"embeddable":true,"href":"https:\/\/vagas.portalemprego.com.br\/index.php?rest_route=%2Fwp%2Fv2%2Fcomments&post=2394"}],"version-history":[{"count":0,"href":"https:\/\/vagas.portalemprego.com.br\/index.php?rest_route=\/wp\/v2\/posts\/2394\/revisions"}],"wp:attachment":[{"href":"https:\/\/vagas.portalemprego.com.br\/index.php?rest_route=%2Fwp%2Fv2%2Fmedia&parent=2394"}],"wp:term":[{"taxonomy":"category","embeddable":true,"href":"https:\/\/vagas.portalemprego.com.br\/index.php?rest_route=%2Fwp%2Fv2%2Fcategories&post=2394"},{"taxonomy":"post_tag","embeddable":true,"href":"https:\/\/vagas.portalemprego.com.br\/index.php?rest_route=%2Fwp%2Fv2%2Ftags&post=2394"}],"curies":[{"name":"wp","href":"https:\/\/api.w.org\/{rel}","templated":true}]}}