{"id":2432,"date":"2026-04-29T06:29:29","date_gmt":"2026-04-29T09:29:29","guid":{"rendered":"https:\/\/vagas.portalemprego.com.br\/?p=2432"},"modified":"2026-04-29T06:29:29","modified_gmt":"2026-04-29T09:29:29","slug":"porteiro-seguranca-rio-de-janeiro-5","status":"publish","type":"post","link":"https:\/\/vagas.portalemprego.com.br\/?p=2432","title":{"rendered":"Porteiro &#8211; Seguran\u00e7a &#8211; Rio de Janeiro"},"content":{"rendered":"<p>Oportunidade: Estamos em busca de um Porteiro para se juntar \u00e0 nossa equipe na sede da Jobal &#8211; Pap\u00e9is Personalizados. \u00c9 uma oportunidade para quem busca um trabalho que valoriza a seguran\u00e7a e a organiza\u00e7\u00e3o do ambiente.<br \/>\nFun\u00e7\u00f5es:<br \/>\nGerenciar a entrada e sa\u00edda de pessoas na sede da empresa<br \/>\nMonitorar a seguran\u00e7a do local e dos funcion\u00e1rios<br \/>\nAcompanhar a manuten\u00e7\u00e3o do espa\u00e7o e reportar quaisquer problemas<br \/>\nColaborar com outros setores na organiza\u00e7\u00e3o do espa\u00e7o<\/p>\n<p>Requisitos:<br \/>\nExperi\u00eancia em fun\u00e7\u00f5es de portaria<br \/>\nConhecimento em seguran\u00e7a e procedimentos de emerg\u00eancia<br \/>\nCapacidade de trabalhar em turnos, incluindo finais de semana<\/p>\n<p>Benef\u00edcios:<br \/>\nOferecemos um sal\u00e1rio de R$ 1.727,01<br \/>\nVoc\u00ea ter\u00e1 acesso a um ambiente de trabalho colaborativo<br \/>\nPossibilidade de crescimento profissional dentro da empresa<\/p>\n<p>A Jobal &#8211; Pap\u00e9is Personalizados valoriza a seguran\u00e7a e a organiza\u00e7\u00e3o do seu espa\u00e7o de trabalho. Se voc\u00ea tem experi\u00eancia em portaria e est\u00e1 interessado em um ambiente que prioriza a seguran\u00e7a e o bem-estar dos colaboradores, esta \u00e9 a oportunidade certa para voc\u00ea.<\/p>\n<ul>\n<li>Local de trabalho: Rio de Janeiro, RJ<\/li>\n<li>Regime de contrata\u00e7\u00e3o de tipo: Efetivo \u2013 CLT<\/li>\n<li>Jornada: Parcial tardes<\/li>\n<li>\u00c1rea e especializa\u00e7\u00e3o profissional: Seguran\u00e7a &#8211; Portaria Industrial, Comercial, Resid\u00eancial<\/li>\n<li>N\u00edvel hier\u00e1rquico: Operacional<\/li>\n<\/ul>\n<p>HABILIDADES<\/p>\n<ul>\n<li>Aten\u00e7\u00e3o aos detalhes<\/li>\n<li>Habilidades de observa\u00e7\u00e3o<\/li>\n<\/ul>\n<p>Escolaridade M\u00ednima: Ensino M\u00e9dio (2\u00ba Grau)<\/p>\n<p>Sal\u00e1rio: 1727,01<\/p>\n","protected":false},"excerpt":{"rendered":"<p>Oportunidade: Estamos em busca de um Porteiro para se juntar \u00e0 nossa equipe na sede da Jobal &#8211; Pap\u00e9is Personalizados. \u00c9 uma oportunidade para quem busca um trabalho que valoriza a seguran\u00e7a e a organiza\u00e7\u00e3o do ambiente. Fun\u00e7\u00f5es: Gerenciar a entrada e sa\u00edda de pessoas na sede da empresa Monitorar a seguran\u00e7a do local e [&hellip;]<\/p>\n","protected":false},"author":1,"featured_media":0,"comment_status":"open","ping_status":"open","sticky":false,"template":"","format":"standard","meta":{"footnotes":""},"categories":[21],"tags":[],"class_list":["post-2432","post","type-post","status-publish","format-standard","hentry","category-rio-de-janeiro-rj"],"_links":{"self":[{"href":"https:\/\/vagas.portalemprego.com.br\/index.php?rest_route=\/wp\/v2\/posts\/2432","targetHints":{"allow":["GET"]}}],"collection":[{"href":"https:\/\/vagas.portalemprego.com.br\/index.php?rest_route=\/wp\/v2\/posts"}],"about":[{"href":"https:\/\/vagas.portalemprego.com.br\/index.php?rest_route=\/wp\/v2\/types\/post"}],"author":[{"embeddable":true,"href":"https:\/\/vagas.portalemprego.com.br\/index.php?rest_route=\/wp\/v2\/users\/1"}],"replies":[{"embeddable":true,"href":"https:\/\/vagas.portalemprego.com.br\/index.php?rest_route=%2Fwp%2Fv2%2Fcomments&post=2432"}],"version-history":[{"count":0,"href":"https:\/\/vagas.portalemprego.com.br\/index.php?rest_route=\/wp\/v2\/posts\/2432\/revisions"}],"wp:attachment":[{"href":"https:\/\/vagas.portalemprego.com.br\/index.php?rest_route=%2Fwp%2Fv2%2Fmedia&parent=2432"}],"wp:term":[{"taxonomy":"category","embeddable":true,"href":"https:\/\/vagas.portalemprego.com.br\/index.php?rest_route=%2Fwp%2Fv2%2Fcategories&post=2432"},{"taxonomy":"post_tag","embeddable":true,"href":"https:\/\/vagas.portalemprego.com.br\/index.php?rest_route=%2Fwp%2Fv2%2Ftags&post=2432"}],"curies":[{"name":"wp","href":"https:\/\/api.w.org\/{rel}","templated":true}]}}