{"id":2439,"date":"2026-04-29T06:30:30","date_gmt":"2026-04-29T09:30:30","guid":{"rendered":"https:\/\/vagas.portalemprego.com.br\/?p=2439"},"modified":"2026-04-29T06:30:30","modified_gmt":"2026-04-29T09:30:30","slug":"banco-de-talentos-pcd-industrial-producao-fabrica-rio-de-janeiro","status":"publish","type":"post","link":"https:\/\/vagas.portalemprego.com.br\/?p=2439","title":{"rendered":"Banco de Talentos &#8211; PCD &#8211; Industrial, Produ\u00e7\u00e3o, F\u00e1brica &#8211; Rio de Janeiro"},"content":{"rendered":"<p>Estamos formando nosso Banco de Talentos exclusivo para Pessoas com Defici\u00eancia (PcD) para oportunidades em diversas \u00e1reas e segmentos.<br \/>\nBuscamos profissionais para posi\u00e7\u00f5es administrativas, operacionais, t\u00e9cnicas, comerciais e de lideran\u00e7a, em diferentes n\u00edveis de experi\u00eancia.<br \/>\n?? \u00c1reas de atua\u00e7\u00e3o:<br \/>\n\u2022 Administrativo<br \/>\n\u2022 Financeiro<br \/>\n\u2022 Recursos Humanos<br \/>\n\u2022 Comercial<br \/>\n\u2022 Operacional<br \/>\n\u2022 Log\u00edstica<br \/>\n\u2022 Atendimento<br \/>\n\u2022 Tecnologia<br \/>\n\u2022 Entre outras<\/p>\n<ul>\n<li>Local de trabalho: Rio de Janeiro, RJ<\/li>\n<li>Regime de contrata\u00e7\u00e3o de tipo: Efetivo \u2013 CLT<\/li>\n<li>Jornada: Per\u00edodo Integral<\/li>\n<li>\u00c1rea e especializa\u00e7\u00e3o profissional: Industrial, Produ\u00e7\u00e3o, F\u00e1brica &#8211; Operador de M\u00e1quinas<\/li>\n<li>N\u00edvel hier\u00e1rquico: Operacional<\/li>\n<\/ul>\n<p>Escolaridade M\u00ednima: Ensino M\u00e9dio (2\u00ba Grau)<\/p>\n","protected":false},"excerpt":{"rendered":"<p>Estamos formando nosso Banco de Talentos exclusivo para Pessoas com Defici\u00eancia (PcD) para oportunidades em diversas \u00e1reas e segmentos. Buscamos profissionais para posi\u00e7\u00f5es administrativas, operacionais, t\u00e9cnicas, comerciais e de lideran\u00e7a, em diferentes n\u00edveis de experi\u00eancia. ?? \u00c1reas de atua\u00e7\u00e3o: \u2022 Administrativo \u2022 Financeiro \u2022 Recursos Humanos \u2022 Comercial \u2022 Operacional \u2022 Log\u00edstica \u2022 Atendimento \u2022 [&hellip;]<\/p>\n","protected":false},"author":1,"featured_media":0,"comment_status":"open","ping_status":"open","sticky":false,"template":"","format":"standard","meta":{"footnotes":""},"categories":[21],"tags":[],"class_list":["post-2439","post","type-post","status-publish","format-standard","hentry","category-rio-de-janeiro-rj"],"_links":{"self":[{"href":"https:\/\/vagas.portalemprego.com.br\/index.php?rest_route=\/wp\/v2\/posts\/2439","targetHints":{"allow":["GET"]}}],"collection":[{"href":"https:\/\/vagas.portalemprego.com.br\/index.php?rest_route=\/wp\/v2\/posts"}],"about":[{"href":"https:\/\/vagas.portalemprego.com.br\/index.php?rest_route=\/wp\/v2\/types\/post"}],"author":[{"embeddable":true,"href":"https:\/\/vagas.portalemprego.com.br\/index.php?rest_route=\/wp\/v2\/users\/1"}],"replies":[{"embeddable":true,"href":"https:\/\/vagas.portalemprego.com.br\/index.php?rest_route=%2Fwp%2Fv2%2Fcomments&post=2439"}],"version-history":[{"count":0,"href":"https:\/\/vagas.portalemprego.com.br\/index.php?rest_route=\/wp\/v2\/posts\/2439\/revisions"}],"wp:attachment":[{"href":"https:\/\/vagas.portalemprego.com.br\/index.php?rest_route=%2Fwp%2Fv2%2Fmedia&parent=2439"}],"wp:term":[{"taxonomy":"category","embeddable":true,"href":"https:\/\/vagas.portalemprego.com.br\/index.php?rest_route=%2Fwp%2Fv2%2Fcategories&post=2439"},{"taxonomy":"post_tag","embeddable":true,"href":"https:\/\/vagas.portalemprego.com.br\/index.php?rest_route=%2Fwp%2Fv2%2Ftags&post=2439"}],"curies":[{"name":"wp","href":"https:\/\/api.w.org\/{rel}","templated":true}]}}