{"id":2441,"date":"2026-04-29T06:30:30","date_gmt":"2026-04-29T09:30:30","guid":{"rendered":"https:\/\/vagas.portalemprego.com.br\/?p=2441"},"modified":"2026-04-29T06:30:30","modified_gmt":"2026-04-29T09:30:30","slug":"operador-de-munck-construcao-manutencao-rio-de-janeiro","status":"publish","type":"post","link":"https:\/\/vagas.portalemprego.com.br\/?p=2441","title":{"rendered":"Operador de Munck &#8211; Constru\u00e7\u00e3o, Manuten\u00e7\u00e3o &#8211; Rio de Janeiro"},"content":{"rendered":"<p>Operar caminh\u00e3o Munck para i\u00e7amento e movimenta\u00e7\u00e3o de cargas;<br \/>\nRealizar transporte de materiais e equipamentos;<br \/>\nPosicionar e estabilizar o equipamento antes da opera\u00e7\u00e3o;<br \/>\nInspecionar o equipamento antes do uso;<br \/>\nCumprir procedimentos de seguran\u00e7a durante as opera\u00e7\u00f5es;<br \/>\nAuxiliar na amarra\u00e7\u00e3o e sinaliza\u00e7\u00e3o de cargas;<br \/>\nPreencher checklist operacional do equipamento;<br \/>\nApoiar a equipe de manuten\u00e7\u00e3o civil quando necess\u00e1rio;<br \/>\nZelar pela conserva\u00e7\u00e3o do ve\u00edculo e equipamento.<\/p>\n<ul>\n<li>Local de trabalho: Rio de Janeiro, RJ<\/li>\n<li>Regime de contrata\u00e7\u00e3o de tipo: Efetivo \u2013 CLT<\/li>\n<li>Jornada: Per\u00edodo Integral<\/li>\n<li>\u00c1rea e especializa\u00e7\u00e3o profissional: Constru\u00e7\u00e3o, Manuten\u00e7\u00e3o &#8211; Constru\u00e7\u00e3o Civil<\/li>\n<li>N\u00edvel hier\u00e1rquico: Especialista<\/li>\n<\/ul>\n<p>VALORIZADO<\/p>\n<p>Tempo de experi\u00eancia: Menos de 1 ano<\/p>\n<p>Escolaridade M\u00ednima: Ensino Fundamental (1\u00ba grau)<\/p>\n<ul>\n<li>Vale refei\u00e7\u00e3o R$ 543,15<\/li>\n<li>Plano de sa\u00fade<\/li>\n<li>Vale transporte (modal)<\/li>\n<\/ul>\n<p>Sal\u00e1rio: 3308,67<\/p>\n","protected":false},"excerpt":{"rendered":"<p>Operar caminh\u00e3o Munck para i\u00e7amento e movimenta\u00e7\u00e3o de cargas; Realizar transporte de materiais e equipamentos; Posicionar e estabilizar o equipamento antes da opera\u00e7\u00e3o; Inspecionar o equipamento antes do uso; Cumprir procedimentos de seguran\u00e7a durante as opera\u00e7\u00f5es; Auxiliar na amarra\u00e7\u00e3o e sinaliza\u00e7\u00e3o de cargas; Preencher checklist operacional do equipamento; Apoiar a equipe de manuten\u00e7\u00e3o civil quando [&hellip;]<\/p>\n","protected":false},"author":1,"featured_media":0,"comment_status":"open","ping_status":"open","sticky":false,"template":"","format":"standard","meta":{"footnotes":""},"categories":[21],"tags":[],"class_list":["post-2441","post","type-post","status-publish","format-standard","hentry","category-rio-de-janeiro-rj"],"_links":{"self":[{"href":"https:\/\/vagas.portalemprego.com.br\/index.php?rest_route=\/wp\/v2\/posts\/2441","targetHints":{"allow":["GET"]}}],"collection":[{"href":"https:\/\/vagas.portalemprego.com.br\/index.php?rest_route=\/wp\/v2\/posts"}],"about":[{"href":"https:\/\/vagas.portalemprego.com.br\/index.php?rest_route=\/wp\/v2\/types\/post"}],"author":[{"embeddable":true,"href":"https:\/\/vagas.portalemprego.com.br\/index.php?rest_route=\/wp\/v2\/users\/1"}],"replies":[{"embeddable":true,"href":"https:\/\/vagas.portalemprego.com.br\/index.php?rest_route=%2Fwp%2Fv2%2Fcomments&post=2441"}],"version-history":[{"count":0,"href":"https:\/\/vagas.portalemprego.com.br\/index.php?rest_route=\/wp\/v2\/posts\/2441\/revisions"}],"wp:attachment":[{"href":"https:\/\/vagas.portalemprego.com.br\/index.php?rest_route=%2Fwp%2Fv2%2Fmedia&parent=2441"}],"wp:term":[{"taxonomy":"category","embeddable":true,"href":"https:\/\/vagas.portalemprego.com.br\/index.php?rest_route=%2Fwp%2Fv2%2Fcategories&post=2441"},{"taxonomy":"post_tag","embeddable":true,"href":"https:\/\/vagas.portalemprego.com.br\/index.php?rest_route=%2Fwp%2Fv2%2Ftags&post=2441"}],"curies":[{"name":"wp","href":"https:\/\/api.w.org\/{rel}","templated":true}]}}