{"id":2446,"date":"2026-04-29T06:30:30","date_gmt":"2026-04-29T09:30:30","guid":{"rendered":"https:\/\/vagas.portalemprego.com.br\/?p=2446"},"modified":"2026-04-29T06:30:30","modified_gmt":"2026-04-29T09:30:30","slug":"operador-de-cartao-atacadao-jacarepagua-comercial-vendas-rio-de-janeiro","status":"publish","type":"post","link":"https:\/\/vagas.portalemprego.com.br\/?p=2446","title":{"rendered":"Operador de Cart\u00e3o atacad\u00e3o Jacar\u00e9pagua &#8211; Comercial, Vendas &#8211; Rio de Janeiro"},"content":{"rendered":"<p>Operador de cart\u00e3o<br \/>\nAtendimento ao publico,  Atuar com atividades relacionadas a prospec\u00e7\u00e3o de clientes e oferta do Cart\u00e3o , estimulando a ativa\u00e7\u00e3o e utiliza\u00e7\u00e3o do cart\u00e3o nas lojas. Realizar a gest\u00e3o di\u00e1ria das vendas, atendimento ao cliente, an\u00e1lise de cr\u00e9dito e digitar as propostas no sistema para formaliza\u00e7\u00e3o.<br \/>\nescala 6&#215;1<br \/>\nhorario: 12:00 hrs as 20:20 hrs<br \/>\nvale transporte<br \/>\nrefei\u00e7\u00e3o no local<br \/>\nseguro de vida<\/p>\n<ul>\n<li>Local de trabalho: Rio de Janeiro, RJ<\/li>\n<li>Regime de contrata\u00e7\u00e3o de tipo: Tempor\u00e1rio<\/li>\n<li>Jornada: Per\u00edodo Integral<\/li>\n<li>\u00c1rea e especializa\u00e7\u00e3o profissional: Comercial, Vendas &#8211; Atendimento<\/li>\n<li>N\u00edvel hier\u00e1rquico: Operacional<\/li>\n<\/ul>\n<p>Escolaridade M\u00ednima: Ensino M\u00e9dio (2\u00ba Grau)<\/p>\n<ul>\n<li>Seguro de Vida<\/li>\n<li>Refei\u00e7\u00e3o no local<\/li>\n<li>VT<\/li>\n<\/ul>\n<p>Sal\u00e1rio: 2088,0<\/p>\n","protected":false},"excerpt":{"rendered":"<p>Operador de cart\u00e3o Atendimento ao publico, Atuar com atividades relacionadas a prospec\u00e7\u00e3o de clientes e oferta do Cart\u00e3o , estimulando a ativa\u00e7\u00e3o e utiliza\u00e7\u00e3o do cart\u00e3o nas lojas. Realizar a gest\u00e3o di\u00e1ria das vendas, atendimento ao cliente, an\u00e1lise de cr\u00e9dito e digitar as propostas no sistema para formaliza\u00e7\u00e3o. escala 6&#215;1 horario: 12:00 hrs as 20:20 [&hellip;]<\/p>\n","protected":false},"author":1,"featured_media":0,"comment_status":"open","ping_status":"open","sticky":false,"template":"","format":"standard","meta":{"footnotes":""},"categories":[21],"tags":[],"class_list":["post-2446","post","type-post","status-publish","format-standard","hentry","category-rio-de-janeiro-rj"],"_links":{"self":[{"href":"https:\/\/vagas.portalemprego.com.br\/index.php?rest_route=\/wp\/v2\/posts\/2446","targetHints":{"allow":["GET"]}}],"collection":[{"href":"https:\/\/vagas.portalemprego.com.br\/index.php?rest_route=\/wp\/v2\/posts"}],"about":[{"href":"https:\/\/vagas.portalemprego.com.br\/index.php?rest_route=\/wp\/v2\/types\/post"}],"author":[{"embeddable":true,"href":"https:\/\/vagas.portalemprego.com.br\/index.php?rest_route=\/wp\/v2\/users\/1"}],"replies":[{"embeddable":true,"href":"https:\/\/vagas.portalemprego.com.br\/index.php?rest_route=%2Fwp%2Fv2%2Fcomments&post=2446"}],"version-history":[{"count":0,"href":"https:\/\/vagas.portalemprego.com.br\/index.php?rest_route=\/wp\/v2\/posts\/2446\/revisions"}],"wp:attachment":[{"href":"https:\/\/vagas.portalemprego.com.br\/index.php?rest_route=%2Fwp%2Fv2%2Fmedia&parent=2446"}],"wp:term":[{"taxonomy":"category","embeddable":true,"href":"https:\/\/vagas.portalemprego.com.br\/index.php?rest_route=%2Fwp%2Fv2%2Fcategories&post=2446"},{"taxonomy":"post_tag","embeddable":true,"href":"https:\/\/vagas.portalemprego.com.br\/index.php?rest_route=%2Fwp%2Fv2%2Ftags&post=2446"}],"curies":[{"name":"wp","href":"https:\/\/api.w.org\/{rel}","templated":true}]}}