{"id":2450,"date":"2026-04-29T06:30:30","date_gmt":"2026-04-29T09:30:30","guid":{"rendered":"https:\/\/vagas.portalemprego.com.br\/?p=2450"},"modified":"2026-04-29T06:30:30","modified_gmt":"2026-04-29T09:30:30","slug":"auxiliar-de-loja-vaga-exclusiva-para-pcd-comercial-vendas-rio-de-janeiro","status":"publish","type":"post","link":"https:\/\/vagas.portalemprego.com.br\/?p=2450","title":{"rendered":"Auxiliar de Loja &#8211; VAGA EXCLUSIVA PARA PCD &#8211; Comercial, Vendas &#8211; Rio de Janeiro"},"content":{"rendered":"<p>Empresa varejista focada em papelaria, suprimentos corporativos e produtos para escrit\u00f3rio, seleciona Pessoas com Defici\u00eancia (PCD) ou Reabilitados do INSS para cargo de Auxiliar de Loja.<\/p>\n<p>Atividades:<br \/>\n&#8211; Atendimento ao cliente;<br \/>\n&#8211; Apoio na organiza\u00e7\u00e3o da loja;<\/p>\n<p>Local: Diversos bairros &#8211; Rio de Janeiro<\/p>\n<p>Hor\u00e1rio: a combinar, escala 6&#215;1<\/p>\n<p>Requisitos:<br \/>\n&#8211; Ensino m\u00e9dio cursando ou completo;<br \/>\n&#8211; N\u00e3o \u00e9 necess\u00e1rio experi\u00eancia anterior;<br \/>\n&#8211; Disponibilidade para atuar na escala 6&#215;1;<\/p>\n<p>Sal\u00e1rio de R$ 1.774 + Vale-transporte + Assist\u00eancia M\u00e9dica + Convenio Odontol\u00f3gicos + Seguro de vida.<\/p>\n<ul>\n<li>Local de trabalho: Rio de Janeiro, RJ<\/li>\n<li>Regime de contrata\u00e7\u00e3o de tipo: Efetivo \u2013 CLT<\/li>\n<li>Jornada: Per\u00edodo Integral<\/li>\n<li>\u00c1rea e especializa\u00e7\u00e3o profissional: Comercial, Vendas &#8211; Atendimento<\/li>\n<li>N\u00edvel hier\u00e1rquico: Auxiliar<\/li>\n<\/ul>\n<p>Escolaridade M\u00ednima: Ensino M\u00e9dio (2\u00ba Grau)<\/p>\n<ul>\n<li>Assist\u00eancia m\u00e9dica<\/li>\n<li>Assist\u00eancia odontol\u00f3gica<\/li>\n<li>Vale-transporte<\/li>\n<li>Seguro de Vida<\/li>\n<\/ul>\n<p>Sal\u00e1rio: 1774,0<\/p>\n","protected":false},"excerpt":{"rendered":"<p>Empresa varejista focada em papelaria, suprimentos corporativos e produtos para escrit\u00f3rio, seleciona Pessoas com Defici\u00eancia (PCD) ou Reabilitados do INSS para cargo de Auxiliar de Loja. Atividades: &#8211; Atendimento ao cliente; &#8211; Apoio na organiza\u00e7\u00e3o da loja; Local: Diversos bairros &#8211; Rio de Janeiro Hor\u00e1rio: a combinar, escala 6&#215;1 Requisitos: &#8211; Ensino m\u00e9dio cursando ou [&hellip;]<\/p>\n","protected":false},"author":1,"featured_media":0,"comment_status":"open","ping_status":"open","sticky":false,"template":"","format":"standard","meta":{"footnotes":""},"categories":[21],"tags":[],"class_list":["post-2450","post","type-post","status-publish","format-standard","hentry","category-rio-de-janeiro-rj"],"_links":{"self":[{"href":"https:\/\/vagas.portalemprego.com.br\/index.php?rest_route=\/wp\/v2\/posts\/2450","targetHints":{"allow":["GET"]}}],"collection":[{"href":"https:\/\/vagas.portalemprego.com.br\/index.php?rest_route=\/wp\/v2\/posts"}],"about":[{"href":"https:\/\/vagas.portalemprego.com.br\/index.php?rest_route=\/wp\/v2\/types\/post"}],"author":[{"embeddable":true,"href":"https:\/\/vagas.portalemprego.com.br\/index.php?rest_route=\/wp\/v2\/users\/1"}],"replies":[{"embeddable":true,"href":"https:\/\/vagas.portalemprego.com.br\/index.php?rest_route=%2Fwp%2Fv2%2Fcomments&post=2450"}],"version-history":[{"count":0,"href":"https:\/\/vagas.portalemprego.com.br\/index.php?rest_route=\/wp\/v2\/posts\/2450\/revisions"}],"wp:attachment":[{"href":"https:\/\/vagas.portalemprego.com.br\/index.php?rest_route=%2Fwp%2Fv2%2Fmedia&parent=2450"}],"wp:term":[{"taxonomy":"category","embeddable":true,"href":"https:\/\/vagas.portalemprego.com.br\/index.php?rest_route=%2Fwp%2Fv2%2Fcategories&post=2450"},{"taxonomy":"post_tag","embeddable":true,"href":"https:\/\/vagas.portalemprego.com.br\/index.php?rest_route=%2Fwp%2Fv2%2Ftags&post=2450"}],"curies":[{"name":"wp","href":"https:\/\/api.w.org\/{rel}","templated":true}]}}