{"id":2455,"date":"2026-04-29T06:30:30","date_gmt":"2026-04-29T09:30:30","guid":{"rendered":"https:\/\/vagas.portalemprego.com.br\/?p=2455"},"modified":"2026-04-29T06:30:30","modified_gmt":"2026-04-29T09:30:30","slug":"marceneiro-industrial-producao-fabrica-rio-de-janeiro-4","status":"publish","type":"post","link":"https:\/\/vagas.portalemprego.com.br\/?p=2455","title":{"rendered":"Marceneiro &#8211; Industrial, Produ\u00e7\u00e3o, F\u00e1brica &#8211; Rio de Janeiro"},"content":{"rendered":"<p>Executar servi\u00e7os de marcenaria em geral;<br \/>\nFabricar, montar e instalar m\u00f3veis e estruturas de madeira;<br \/>\nRealizar manuten\u00e7\u00e3o e reparos em portas, divis\u00f3rias e mobili\u00e1rios;<br \/>\nEfetuar cortes, lixamento e acabamento das pe\u00e7as;<br \/>\nInterpretar desenhos e medidas;<br \/>\nUtilizar m\u00e1quinas e ferramentas de marcenaria;<br \/>\nAjustar e instalar ferragens;<br \/>\nManter organiza\u00e7\u00e3o do local de trabalho;<br \/>\nSeguir normas de seguran\u00e7a.<\/p>\n<ul>\n<li>N\u00famero de vagas: 5<\/li>\n<li>Local de trabalho: Rio de Janeiro, RJ<\/li>\n<li>Regime de contrata\u00e7\u00e3o de tipo: Efetivo \u2013 CLT<\/li>\n<li>Jornada: Per\u00edodo Integral<\/li>\n<li>\u00c1rea e especializa\u00e7\u00e3o profissional: Industrial, Produ\u00e7\u00e3o, F\u00e1brica &#8211; Carpintaria \/ Montagem de M\u00f3veis<\/li>\n<li>N\u00edvel hier\u00e1rquico: Operacional<\/li>\n<\/ul>\n<p>VALORIZADO<\/p>\n<p>Tempo de experi\u00eancia: Menos de 1 ano<\/p>\n<p>Escolaridade M\u00ednima: Ensino Fundamental (1\u00ba grau)<\/p>\n<ul>\n<li>Plano de sa\u00fade<\/li>\n<li>Vale-transporte<\/li>\n<li>Vale refei\u00e7\u00e3o R$ 543,15<\/li>\n<\/ul>\n<p>Sal\u00e1rio: 2477,15<\/p>\n","protected":false},"excerpt":{"rendered":"<p>Executar servi\u00e7os de marcenaria em geral; Fabricar, montar e instalar m\u00f3veis e estruturas de madeira; Realizar manuten\u00e7\u00e3o e reparos em portas, divis\u00f3rias e mobili\u00e1rios; Efetuar cortes, lixamento e acabamento das pe\u00e7as; Interpretar desenhos e medidas; Utilizar m\u00e1quinas e ferramentas de marcenaria; Ajustar e instalar ferragens; Manter organiza\u00e7\u00e3o do local de trabalho; Seguir normas de seguran\u00e7a. [&hellip;]<\/p>\n","protected":false},"author":1,"featured_media":0,"comment_status":"open","ping_status":"open","sticky":false,"template":"","format":"standard","meta":{"footnotes":""},"categories":[21],"tags":[],"class_list":["post-2455","post","type-post","status-publish","format-standard","hentry","category-rio-de-janeiro-rj"],"_links":{"self":[{"href":"https:\/\/vagas.portalemprego.com.br\/index.php?rest_route=\/wp\/v2\/posts\/2455","targetHints":{"allow":["GET"]}}],"collection":[{"href":"https:\/\/vagas.portalemprego.com.br\/index.php?rest_route=\/wp\/v2\/posts"}],"about":[{"href":"https:\/\/vagas.portalemprego.com.br\/index.php?rest_route=\/wp\/v2\/types\/post"}],"author":[{"embeddable":true,"href":"https:\/\/vagas.portalemprego.com.br\/index.php?rest_route=\/wp\/v2\/users\/1"}],"replies":[{"embeddable":true,"href":"https:\/\/vagas.portalemprego.com.br\/index.php?rest_route=%2Fwp%2Fv2%2Fcomments&post=2455"}],"version-history":[{"count":0,"href":"https:\/\/vagas.portalemprego.com.br\/index.php?rest_route=\/wp\/v2\/posts\/2455\/revisions"}],"wp:attachment":[{"href":"https:\/\/vagas.portalemprego.com.br\/index.php?rest_route=%2Fwp%2Fv2%2Fmedia&parent=2455"}],"wp:term":[{"taxonomy":"category","embeddable":true,"href":"https:\/\/vagas.portalemprego.com.br\/index.php?rest_route=%2Fwp%2Fv2%2Fcategories&post=2455"},{"taxonomy":"post_tag","embeddable":true,"href":"https:\/\/vagas.portalemprego.com.br\/index.php?rest_route=%2Fwp%2Fv2%2Ftags&post=2455"}],"curies":[{"name":"wp","href":"https:\/\/api.w.org\/{rel}","templated":true}]}}