{"id":2463,"date":"2026-04-29T06:30:30","date_gmt":"2026-04-29T09:30:30","guid":{"rendered":"https:\/\/vagas.portalemprego.com.br\/?p=2463"},"modified":"2026-04-29T06:30:30","modified_gmt":"2026-04-29T09:30:30","slug":"analista-de-sistemas-jr-informatica-ti-telecomunicacoes-macae","status":"publish","type":"post","link":"https:\/\/vagas.portalemprego.com.br\/?p=2463","title":{"rendered":"Analista de Sistemas Jr &#8211; Inform\u00e1tica, TI, Telecomunica\u00e7\u00f5es &#8211; Maca\u00e9"},"content":{"rendered":"<p>Venha fazer parte da nossa equipe e transformar o cuidado em experi\u00eancia!<br \/>\nSe voc\u00ea \u00e9 Analista de Sistemas, orientado(a) a resultados e apaixonado(a) por pessoas, candidate-se e junte-se \u00e0 Unimed Costa do Sol.<br \/>\nRequisitos:<br \/>\nGradua\u00e7\u00e3o completa na \u00e1rea de TI<br \/>\nConhecimento em Sistemas Operacionais Windows;<br \/>\nNo\u00e7\u00f5es de Seguran\u00e7a da Informa\u00e7\u00e3o;<br \/>\nNo\u00e7\u00f5es de Linguagem de Programa\u00e7\u00e3o;<br \/>\nConhecimento com boas pr\u00e1ticas de ITIL;<br \/>\nConhecimento em sistemas de gest\u00e3o (ERP, CRM e similares);<br \/>\nConhecimento em linguagem de consulta a banco de dados (SQL);<br \/>\nExperi\u00eancia com Banco de Dados<br \/>\nConhecimento em Orienta\u00e7\u00e3o a Objetos<br \/>\nFamiliaridade com Metodologias \u00c1geis (SCRUM)<br \/>\nConhecimento em Oracle DBA<br \/>\nExperi\u00eancia com SQL Server<br \/>\nConhecimento em Frameworks de Desenvolvimento Web<br \/>\nConhecimento em Java Avan\u00e7ado<br \/>\nDesej\u00e1vel conhecimento ou experi\u00eancia na \u00e1rea hospitalar.<\/p>\n<p>As oportunidades da Unimed Costa do Sol tamb\u00e9m s\u00e3o estendidas para Pessoas com Defici\u00eancia (PCD\u2019s).<\/p>\n<ul>\n<li>Local de trabalho: Maca\u00e9, RJ<\/li>\n<li>Regime de contrata\u00e7\u00e3o de tipo: Efetivo \u2013 CLT<\/li>\n<li>Jornada: Per\u00edodo Integral<\/li>\n<li>\u00c1rea e especializa\u00e7\u00e3o profissional: Inform\u00e1tica, TI, Telecomunica\u00e7\u00f5es &#8211; TI<\/li>\n<li>N\u00edvel hier\u00e1rquico: Analista<\/li>\n<\/ul>\n<p>Escolaridade M\u00ednima: Ensino Superior<\/p>\n<p>Forma\u00e7\u00e3o desejada:<\/p>\n<ul>\n<li>Tecnologia da Informa\u00e7\u00e3o, Ensino Superior<\/li>\n<\/ul>\n<ul>\n<li>wellhub<\/li>\n<li>Vale alimenta\u00e7\u00e3o ou refei\u00e7\u00e3o<\/li>\n<li>Plano de Sa\u00fade<\/li>\n<li>Vale Transporte<\/li>\n<li>Conv\u00eanio Farm\u00e1cia<\/li>\n<li>Aux\u00edlio Educa\u00e7\u00e3o<\/li>\n<\/ul>\n","protected":false},"excerpt":{"rendered":"<p>Venha fazer parte da nossa equipe e transformar o cuidado em experi\u00eancia! Se voc\u00ea \u00e9 Analista de Sistemas, orientado(a) a resultados e apaixonado(a) por pessoas, candidate-se e junte-se \u00e0 Unimed Costa do Sol. Requisitos: Gradua\u00e7\u00e3o completa na \u00e1rea de TI Conhecimento em Sistemas Operacionais Windows; No\u00e7\u00f5es de Seguran\u00e7a da Informa\u00e7\u00e3o; No\u00e7\u00f5es de Linguagem de Programa\u00e7\u00e3o; [&hellip;]<\/p>\n","protected":false},"author":1,"featured_media":0,"comment_status":"open","ping_status":"open","sticky":false,"template":"","format":"standard","meta":{"footnotes":""},"categories":[21],"tags":[],"class_list":["post-2463","post","type-post","status-publish","format-standard","hentry","category-rio-de-janeiro-rj"],"_links":{"self":[{"href":"https:\/\/vagas.portalemprego.com.br\/index.php?rest_route=\/wp\/v2\/posts\/2463","targetHints":{"allow":["GET"]}}],"collection":[{"href":"https:\/\/vagas.portalemprego.com.br\/index.php?rest_route=\/wp\/v2\/posts"}],"about":[{"href":"https:\/\/vagas.portalemprego.com.br\/index.php?rest_route=\/wp\/v2\/types\/post"}],"author":[{"embeddable":true,"href":"https:\/\/vagas.portalemprego.com.br\/index.php?rest_route=\/wp\/v2\/users\/1"}],"replies":[{"embeddable":true,"href":"https:\/\/vagas.portalemprego.com.br\/index.php?rest_route=%2Fwp%2Fv2%2Fcomments&post=2463"}],"version-history":[{"count":0,"href":"https:\/\/vagas.portalemprego.com.br\/index.php?rest_route=\/wp\/v2\/posts\/2463\/revisions"}],"wp:attachment":[{"href":"https:\/\/vagas.portalemprego.com.br\/index.php?rest_route=%2Fwp%2Fv2%2Fmedia&parent=2463"}],"wp:term":[{"taxonomy":"category","embeddable":true,"href":"https:\/\/vagas.portalemprego.com.br\/index.php?rest_route=%2Fwp%2Fv2%2Fcategories&post=2463"},{"taxonomy":"post_tag","embeddable":true,"href":"https:\/\/vagas.portalemprego.com.br\/index.php?rest_route=%2Fwp%2Fv2%2Ftags&post=2463"}],"curies":[{"name":"wp","href":"https:\/\/api.w.org\/{rel}","templated":true}]}}