{"id":2605,"date":"2026-04-29T06:33:33","date_gmt":"2026-04-29T09:33:33","guid":{"rendered":"https:\/\/vagas.portalemprego.com.br\/?p=2605"},"modified":"2026-04-29T06:33:33","modified_gmt":"2026-04-29T09:33:33","slug":"operador-de-maquinas-industrial-producao-fabrica-rio-de-janeiro","status":"publish","type":"post","link":"https:\/\/vagas.portalemprego.com.br\/?p=2605","title":{"rendered":"Operador de M\u00e1quinas &#8211; Industrial, Produ\u00e7\u00e3o, F\u00e1brica &#8211; Rio de Janeiro"},"content":{"rendered":"<p>Oportunidade: Estamos em busca de um Operador de M\u00e1quinas para atuar em nossa sede. Esta \u00e9 uma chance de fazer parte de uma equipe comprometida com a excel\u00eancia e o desenvolvimento cont\u00ednuo.<br \/>\nFun\u00e7\u00f5es:<br \/>\nGerenciar o funcionamento de m\u00e1quinas espec\u00edficas;<br \/>\nAcompanhar a manuten\u00e7\u00e3o preventiva e corretiva;<br \/>\nCoordenar com outros setores para garantir a efici\u00eancia operacional;<br \/>\nRealizar testes e ajustes nas m\u00e1quinas conforme necess\u00e1rio;<br \/>\nDocumentar atividades e reportar quaisquer incidentes t\u00e9cnicos.<\/p>\n<p>Requisitos:<br \/>\nExperi\u00eancia em opera\u00e7\u00e3o de m\u00e1quinas industriais;<br \/>\nConhecimento em normas de seguran\u00e7a e procedimentos operacionais;<br \/>\nCapacidade de trabalhar em equipe e comunica\u00e7\u00e3o eficaz;<br \/>\nHabilidade para leitura e interpreta\u00e7\u00e3o de manuais t\u00e9cnicos.<\/p>\n<p>Benef\u00edcios:<br \/>\nOferecemos um ambiente de trabalho colaborativo e din\u00e2mico;<br \/>\nVoc\u00ea ter\u00e1 acesso a treinamentos cont\u00ednuos para desenvolvimento profissional;<br \/>\nA oportunidade de contribuir para um processo produtivo eficiente e sustent\u00e1vel.<\/p>\n<p>Esta \u00e9 uma oportunidade para quem busca um cargo presencial em um ambiente que valoriza o trabalho em equipe e o crescimento profissional.<\/p>\n<ul>\n<li>N\u00famero de vagas: 200<\/li>\n<li>Local de trabalho: Rio de Janeiro, RJ<\/li>\n<li>Regime de contrata\u00e7\u00e3o de tipo: Efetivo \u2013 CLT<\/li>\n<li>Jornada: Per\u00edodo Integral<\/li>\n<li>\u00c1rea e especializa\u00e7\u00e3o profissional: Industrial, Produ\u00e7\u00e3o, F\u00e1brica &#8211; Operador de M\u00e1quinas<\/li>\n<li>N\u00edvel hier\u00e1rquico: Operacional<\/li>\n<\/ul>\n<p>VALORIZADO<\/p>\n<p>Tempo de experi\u00eancia: Entre 1 e 3 anos<\/p>\n<p>Escolaridade M\u00ednima: Ensino Fundamental (1\u00ba grau)<\/p>\n","protected":false},"excerpt":{"rendered":"<p>Oportunidade: Estamos em busca de um Operador de M\u00e1quinas para atuar em nossa sede. Esta \u00e9 uma chance de fazer parte de uma equipe comprometida com a excel\u00eancia e o desenvolvimento cont\u00ednuo. Fun\u00e7\u00f5es: Gerenciar o funcionamento de m\u00e1quinas espec\u00edficas; Acompanhar a manuten\u00e7\u00e3o preventiva e corretiva; Coordenar com outros setores para garantir a efici\u00eancia operacional; Realizar [&hellip;]<\/p>\n","protected":false},"author":1,"featured_media":0,"comment_status":"open","ping_status":"open","sticky":false,"template":"","format":"standard","meta":{"footnotes":""},"categories":[21],"tags":[],"class_list":["post-2605","post","type-post","status-publish","format-standard","hentry","category-rio-de-janeiro-rj"],"_links":{"self":[{"href":"https:\/\/vagas.portalemprego.com.br\/index.php?rest_route=\/wp\/v2\/posts\/2605","targetHints":{"allow":["GET"]}}],"collection":[{"href":"https:\/\/vagas.portalemprego.com.br\/index.php?rest_route=\/wp\/v2\/posts"}],"about":[{"href":"https:\/\/vagas.portalemprego.com.br\/index.php?rest_route=\/wp\/v2\/types\/post"}],"author":[{"embeddable":true,"href":"https:\/\/vagas.portalemprego.com.br\/index.php?rest_route=\/wp\/v2\/users\/1"}],"replies":[{"embeddable":true,"href":"https:\/\/vagas.portalemprego.com.br\/index.php?rest_route=%2Fwp%2Fv2%2Fcomments&post=2605"}],"version-history":[{"count":0,"href":"https:\/\/vagas.portalemprego.com.br\/index.php?rest_route=\/wp\/v2\/posts\/2605\/revisions"}],"wp:attachment":[{"href":"https:\/\/vagas.portalemprego.com.br\/index.php?rest_route=%2Fwp%2Fv2%2Fmedia&parent=2605"}],"wp:term":[{"taxonomy":"category","embeddable":true,"href":"https:\/\/vagas.portalemprego.com.br\/index.php?rest_route=%2Fwp%2Fv2%2Fcategories&post=2605"},{"taxonomy":"post_tag","embeddable":true,"href":"https:\/\/vagas.portalemprego.com.br\/index.php?rest_route=%2Fwp%2Fv2%2Ftags&post=2605"}],"curies":[{"name":"wp","href":"https:\/\/api.w.org\/{rel}","templated":true}]}}