{"id":2608,"date":"2026-04-29T06:33:33","date_gmt":"2026-04-29T09:33:33","guid":{"rendered":"https:\/\/vagas.portalemprego.com.br\/?p=2608"},"modified":"2026-04-29T06:33:33","modified_gmt":"2026-04-29T09:33:33","slug":"vigilante-seguranca-rio-de-janeiro-3","status":"publish","type":"post","link":"https:\/\/vagas.portalemprego.com.br\/?p=2608","title":{"rendered":"Vigilante &#8211; Seguran\u00e7a &#8211; Rio de Janeiro"},"content":{"rendered":"<p>Oportunidade:\u00a0Vigilante<\/p>\n<p>&#8212;<\/p>\n<p>Estamos\u00a0procurando\u00a0**Vigilantes**\u00a0dedicados\u00a0e\u00a0atentos\u00a0para\u00a0integrar\u00a0nossa\u00a0equipe\u00a0de\u00a0seguran\u00e7a.\u00a0Se\u00a0voc\u00ea\u00a0possui\u00a0experi\u00eancia\u00a0na\u00a0\u00e1rea,\u00a0tem\u00a0um\u00a0forte\u00a0senso\u00a0de\u00a0responsabilidade\u00a0e\u00a0busca\u00a0um\u00a0ambiente\u00a0de\u00a0trabalho\u00a0que\u00a0valoriza\u00a0a\u00a0proatividade\u00a0e\u00a0a\u00a0integridade,\u00a0esta\u00a0\u00e9\u00a0a\u00a0sua\u00a0oportunidade!<\/p>\n<p>**Suas\u00a0principais\u00a0responsabilidades\u00a0incluir\u00e3o:**<\/p>\n<p>*\u00a0Realizar\u00a0a\u00a0**vigil\u00e2ncia\u00a0e\u00a0prote\u00e7\u00e3o**\u00a0de\u00a0patrim\u00f4nio\u00a0e\u00a0pessoas,\u00a0prevenindo\u00a0ocorr\u00eancias\u00a0e\u00a0garantindo\u00a0a\u00a0seguran\u00e7a\u00a0do\u00a0local.<br \/>\n*\u00a0Controlar\u00a0o\u00a0acesso\u00a0de\u00a0pessoas\u00a0e\u00a0ve\u00edculos,\u00a0identificando\u00a0e\u00a0autorizando\u00a0entradas\u00a0e\u00a0sa\u00eddas.<br \/>\n*\u00a0Monitorar\u00a0sistemas\u00a0de\u00a0seguran\u00e7a\u00a0(c\u00e2meras,\u00a0alarmes,\u00a0etc.)\u00a0e\u00a0agir\u00a0prontamente\u00a0em\u00a0caso\u00a0de\u00a0incidentes.<br \/>\n*\u00a0Elaborar\u00a0relat\u00f3rios\u00a0de\u00a0ocorr\u00eancias\u00a0e\u00a0comunicar\u00a0qualquer\u00a0situa\u00e7\u00e3o\u00a0de\u00a0risco.<br \/>\n*\u00a0Atuar\u00a0em\u00a0conformidade\u00a0com\u00a0os\u00a0procedimentos\u00a0de\u00a0seguran\u00e7a\u00a0e\u00a0normas\u00a0da\u00a0empresa.<br \/>\n*\u00a0Prestar\u00a0apoio\u00a0em\u00a0situa\u00e7\u00f5es\u00a0de\u00a0emerg\u00eancia,\u00a0se\u00a0necess\u00e1rio.<\/p>\n<p>**Para\u00a0essa\u00a0posi\u00e7\u00e3o,\u00a0buscamos\u00a0um\u00a0profissional\u00a0com:**<\/p>\n<p>*\u00a0Curso\u00a0de\u00a0**Forma\u00e7\u00e3o\u00a0de\u00a0Vigilante**\u00a0atualizado\u00a0e\u00a0em\u00a0dia,\u00a0com\u00a0certificado\u00a0v\u00e1lido.<br \/>\n*\u00a0Experi\u00eancia\u00a0comprovada\u00a0na\u00a0fun\u00e7\u00e3o\u00a0de\u00a0vigilante.<br \/>\n*\u00a0Conhecimento\u00a0em\u00a0t\u00e9cnicas\u00a0de\u00a0seguran\u00e7a\u00a0e\u00a0preven\u00e7\u00e3o\u00a0de\u00a0riscos.<br \/>\n*\u00a0Boa\u00a0capacidade\u00a0de\u00a0comunica\u00e7\u00e3o,\u00a0observa\u00e7\u00e3o\u00a0e\u00a0aten\u00e7\u00e3o.<br \/>\n*\u00a0Habilidade\u00a0para\u00a0lidar\u00a0com\u00a0situa\u00e7\u00f5es\u00a0de\u00a0press\u00e3o\u00a0de\u00a0forma\u00a0calma\u00a0e\u00a0profissional.<br \/>\n*\u00a0Postura\u00a0\u00e9tica,\u00a0respons\u00e1vel\u00a0e\u00a0discreta.<br \/>\n*\u00a0Disponibilidade\u00a0para\u00a0trabalhar\u00a0em\u00a0diferentes\u00a0turnos,\u00a0incluindo\u00a0fins\u00a0de\u00a0semana\u00a0e\u00a0feriados.<\/p>\n<p>**Oferecemos:**<\/p>\n<p>*\u00a0Um\u00a0ambiente\u00a0de\u00a0trabalho\u00a0seguro\u00a0e\u00a0profissional.<br \/>\n*\u00a0Remunera\u00e7\u00e3o\u00a0competitiva\u00a0e\u00a0pacote\u00a0de\u00a0benef\u00edcios.<br \/>\n*\u00a0Oportunidades\u00a0de\u00a0crescimento\u00a0e\u00a0desenvolvimento\u00a0na\u00a0\u00e1rea\u00a0de\u00a0seguran\u00e7a.<\/p>\n<p>Se\u00a0voc\u00ea\u00a0possui\u00a0a\u00a0qualifica\u00e7\u00e3o\u00a0e\u00a0o\u00a0perfil\u00a0que\u00a0procuramos,\u00a0candidate-se!\u00a0Queremos\u00a0contar\u00a0com\u00a0o\u00a0seu\u00a0talento\u00a0para\u00a0refor\u00e7ar\u00a0nossa\u00a0seguran\u00e7a.<\/p>\n<ul>\n<li>N\u00famero de vagas: 1000<\/li>\n<li>Local de trabalho: Rio de Janeiro, RJ<\/li>\n<li>Regime de contrata\u00e7\u00e3o de tipo: Efetivo \u2013 CLT<\/li>\n<li>Jornada: Per\u00edodo Integral<\/li>\n<li>\u00c1rea e especializa\u00e7\u00e3o profissional: Seguran\u00e7a &#8211; Vigil\u00e2ncia<\/li>\n<li>N\u00edvel hier\u00e1rquico: Operacional<\/li>\n<\/ul>\n<p>VALORIZADO<\/p>\n<p>Tempo de experi\u00eancia: Entre 1 e 3 anos<\/p>\n<p>Escolaridade M\u00ednima: Ensino Fundamental (1\u00ba grau)<\/p>\n","protected":false},"excerpt":{"rendered":"<p>Oportunidade:\u00a0Vigilante &#8212; Estamos\u00a0procurando\u00a0**Vigilantes**\u00a0dedicados\u00a0e\u00a0atentos\u00a0para\u00a0integrar\u00a0nossa\u00a0equipe\u00a0de\u00a0seguran\u00e7a.\u00a0Se\u00a0voc\u00ea\u00a0possui\u00a0experi\u00eancia\u00a0na\u00a0\u00e1rea,\u00a0tem\u00a0um\u00a0forte\u00a0senso\u00a0de\u00a0responsabilidade\u00a0e\u00a0busca\u00a0um\u00a0ambiente\u00a0de\u00a0trabalho\u00a0que\u00a0valoriza\u00a0a\u00a0proatividade\u00a0e\u00a0a\u00a0integridade,\u00a0esta\u00a0\u00e9\u00a0a\u00a0sua\u00a0oportunidade! **Suas\u00a0principais\u00a0responsabilidades\u00a0incluir\u00e3o:** *\u00a0Realizar\u00a0a\u00a0**vigil\u00e2ncia\u00a0e\u00a0prote\u00e7\u00e3o**\u00a0de\u00a0patrim\u00f4nio\u00a0e\u00a0pessoas,\u00a0prevenindo\u00a0ocorr\u00eancias\u00a0e\u00a0garantindo\u00a0a\u00a0seguran\u00e7a\u00a0do\u00a0local. *\u00a0Controlar\u00a0o\u00a0acesso\u00a0de\u00a0pessoas\u00a0e\u00a0ve\u00edculos,\u00a0identificando\u00a0e\u00a0autorizando\u00a0entradas\u00a0e\u00a0sa\u00eddas. *\u00a0Monitorar\u00a0sistemas\u00a0de\u00a0seguran\u00e7a\u00a0(c\u00e2meras,\u00a0alarmes,\u00a0etc.)\u00a0e\u00a0agir\u00a0prontamente\u00a0em\u00a0caso\u00a0de\u00a0incidentes. *\u00a0Elaborar\u00a0relat\u00f3rios\u00a0de\u00a0ocorr\u00eancias\u00a0e\u00a0comunicar\u00a0qualquer\u00a0situa\u00e7\u00e3o\u00a0de\u00a0risco. *\u00a0Atuar\u00a0em\u00a0conformidade\u00a0com\u00a0os\u00a0procedimentos\u00a0de\u00a0seguran\u00e7a\u00a0e\u00a0normas\u00a0da\u00a0empresa. *\u00a0Prestar\u00a0apoio\u00a0em\u00a0situa\u00e7\u00f5es\u00a0de\u00a0emerg\u00eancia,\u00a0se\u00a0necess\u00e1rio. **Para\u00a0essa\u00a0posi\u00e7\u00e3o,\u00a0buscamos\u00a0um\u00a0profissional\u00a0com:** *\u00a0Curso\u00a0de\u00a0**Forma\u00e7\u00e3o\u00a0de\u00a0Vigilante**\u00a0atualizado\u00a0e\u00a0em\u00a0dia,\u00a0com\u00a0certificado\u00a0v\u00e1lido. *\u00a0Experi\u00eancia\u00a0comprovada\u00a0na\u00a0fun\u00e7\u00e3o\u00a0de\u00a0vigilante. *\u00a0Conhecimento\u00a0em\u00a0t\u00e9cnicas\u00a0de\u00a0seguran\u00e7a\u00a0e\u00a0preven\u00e7\u00e3o\u00a0de\u00a0riscos. *\u00a0Boa\u00a0capacidade\u00a0de\u00a0comunica\u00e7\u00e3o,\u00a0observa\u00e7\u00e3o\u00a0e\u00a0aten\u00e7\u00e3o. *\u00a0Habilidade\u00a0para\u00a0lidar\u00a0com\u00a0situa\u00e7\u00f5es\u00a0de\u00a0press\u00e3o\u00a0de\u00a0forma\u00a0calma\u00a0e\u00a0profissional. *\u00a0Postura\u00a0\u00e9tica,\u00a0respons\u00e1vel\u00a0e\u00a0discreta. *\u00a0Disponibilidade\u00a0para\u00a0trabalhar\u00a0em\u00a0diferentes\u00a0turnos,\u00a0incluindo\u00a0fins\u00a0de\u00a0semana\u00a0e\u00a0feriados. **Oferecemos:** *\u00a0Um\u00a0ambiente\u00a0de\u00a0trabalho\u00a0seguro\u00a0e\u00a0profissional. *\u00a0Remunera\u00e7\u00e3o\u00a0competitiva\u00a0e\u00a0pacote\u00a0de\u00a0benef\u00edcios. *\u00a0Oportunidades\u00a0de\u00a0crescimento\u00a0e\u00a0desenvolvimento\u00a0na\u00a0\u00e1rea\u00a0de\u00a0seguran\u00e7a. Se\u00a0voc\u00ea\u00a0possui\u00a0a\u00a0qualifica\u00e7\u00e3o\u00a0e\u00a0o\u00a0perfil\u00a0que\u00a0procuramos,\u00a0candidate-se!\u00a0Queremos\u00a0contar\u00a0com\u00a0o\u00a0seu\u00a0talento\u00a0para\u00a0refor\u00e7ar\u00a0nossa\u00a0seguran\u00e7a. N\u00famero de vagas: 1000 Local de trabalho: Rio de Janeiro, RJ Regime de contrata\u00e7\u00e3o de tipo: Efetivo \u2013 CLT Jornada: Per\u00edodo Integral \u00c1rea e especializa\u00e7\u00e3o profissional: Seguran\u00e7a &#8211; Vigil\u00e2ncia N\u00edvel hier\u00e1rquico: Operacional [&hellip;]<\/p>\n","protected":false},"author":1,"featured_media":0,"comment_status":"open","ping_status":"open","sticky":false,"template":"","format":"standard","meta":{"footnotes":""},"categories":[21],"tags":[],"class_list":["post-2608","post","type-post","status-publish","format-standard","hentry","category-rio-de-janeiro-rj"],"_links":{"self":[{"href":"https:\/\/vagas.portalemprego.com.br\/index.php?rest_route=\/wp\/v2\/posts\/2608","targetHints":{"allow":["GET"]}}],"collection":[{"href":"https:\/\/vagas.portalemprego.com.br\/index.php?rest_route=\/wp\/v2\/posts"}],"about":[{"href":"https:\/\/vagas.portalemprego.com.br\/index.php?rest_route=\/wp\/v2\/types\/post"}],"author":[{"embeddable":true,"href":"https:\/\/vagas.portalemprego.com.br\/index.php?rest_route=\/wp\/v2\/users\/1"}],"replies":[{"embeddable":true,"href":"https:\/\/vagas.portalemprego.com.br\/index.php?rest_route=%2Fwp%2Fv2%2Fcomments&post=2608"}],"version-history":[{"count":0,"href":"https:\/\/vagas.portalemprego.com.br\/index.php?rest_route=\/wp\/v2\/posts\/2608\/revisions"}],"wp:attachment":[{"href":"https:\/\/vagas.portalemprego.com.br\/index.php?rest_route=%2Fwp%2Fv2%2Fmedia&parent=2608"}],"wp:term":[{"taxonomy":"category","embeddable":true,"href":"https:\/\/vagas.portalemprego.com.br\/index.php?rest_route=%2Fwp%2Fv2%2Fcategories&post=2608"},{"taxonomy":"post_tag","embeddable":true,"href":"https:\/\/vagas.portalemprego.com.br\/index.php?rest_route=%2Fwp%2Fv2%2Ftags&post=2608"}],"curies":[{"name":"wp","href":"https:\/\/api.w.org\/{rel}","templated":true}]}}