{"id":2613,"date":"2026-04-29T06:33:33","date_gmt":"2026-04-29T09:33:33","guid":{"rendered":"https:\/\/vagas.portalemprego.com.br\/?p=2613"},"modified":"2026-04-29T06:33:33","modified_gmt":"2026-04-29T09:33:33","slug":"auxiliar-tecnico-em-cabeamento-estruturado-informatica-ti-telecomunicacoes-rio-de-janeiro","status":"publish","type":"post","link":"https:\/\/vagas.portalemprego.com.br\/?p=2613","title":{"rendered":"AUXILIAR T\u00c9CNICO EM CABEAMENTO ESTRUTURADO &#8211; Inform\u00e1tica, TI, Telecomunica\u00e7\u00f5es &#8211; Rio de Janeiro"},"content":{"rendered":"<p>Atividades:<br \/>\nAuxiliar\u00a0na\u00a0execu\u00e7\u00e3o\u00a0de\u00a0cabeamento\u00a0estruturado\u00a0e\u00a0cabeamento\u00a0de\u00a0rede;<br \/>\nApoiar\u00a0na\u00a0passagem,\u00a0organiza\u00e7\u00e3o\u00a0e\u00a0identifica\u00e7\u00e3o\u00a0de\u00a0cabos\u00a0de\u00a0rede\u00a0conforme\u00a0orienta\u00e7\u00e3o\u00a0t\u00e9cnica;<br \/>\nAuxiliar\u00a0na\u00a0instala\u00e7\u00e3o\u00a0e\u00a0organiza\u00e7\u00e3o\u00a0de\u00a0racks,\u00a0patch\u00a0panels\u00a0e\u00a0demais\u00a0componentes\u00a0de\u00a0rede;<br \/>\nPrestar\u00a0suporte\u00a0na\u00a0crimpagem\u00a0de\u00a0cabos\u00a0e\u00a0conectores;<br \/>\nApoiar\u00a0na\u00a0realiza\u00e7\u00e3o\u00a0de\u00a0testes\u00a0b\u00e1sicos\u00a0em\u00a0pontos\u00a0de\u00a0rede;<br \/>\nOrganizar\u00a0materiais,\u00a0ferramentas\u00a0e\u00a0equipamentos\u00a0utilizados\u00a0nas\u00a0atividades;<br \/>\nDar\u00a0suporte\u00a0geral\u00a0\u00e0\u00a0equipe\u00a0t\u00e9cnica\u00a0nas\u00a0demandas\u00a0do\u00a0dia\u00a0a\u00a0dia.<br \/>\nRequisitos:<br \/>\nDesej\u00e1vel\u00a0no\u00e7\u00f5es\u00a0b\u00e1sicas\u00a0de\u00a0cabeamento\u00a0estruturado\u00a0e\u00a0redes;<br \/>\nDesej\u00e1vel\u00a0viv\u00eancia\u00a0ou\u00a0interesse\u00a0na\u00a0\u00e1rea\u00a0de\u00a0instala\u00e7\u00e3o\u00a0de\u00a0redes;<br \/>\nCapacidade\u00a0de\u00a0seguir\u00a0orienta\u00e7\u00f5es\u00a0t\u00e9cnicas;<br \/>\nProatividade,\u00a0organiza\u00e7\u00e3o\u00a0e\u00a0vontade\u00a0de\u00a0aprender;<br \/>\nComprometimento\u00a0e\u00a0responsabilidade.<br \/>\nSal\u00e1rio:\u00a0negociar<br \/>\nHor\u00e1rio:<br \/>\nSegunda\u00a0a\u00a0quinta-feira:\u00a008:00\u00a0\u00e0s\u00a018:00<br \/>\nSexta-feira:\u00a008:00\u00a0\u00e0s\u00a017:00<br \/>\nBenef\u00edcios:<br \/>\nVale\u00a0Alimenta\u00e7\u00e3o<br \/>\nVale\u00a0Transporte<br \/>\nSeguro\u00a0de\u00a0vida<br \/>\nPlano\u00a0odontol\u00f3gico\u00a0(ap\u00f3s\u00a0a\u00a0experi\u00eancia)<br \/>\nRegime:\u00a0CLT<br \/>\n?? Local de trabalho: Rio de Janeiro\/RJ<\/p>\n<ul>\n<li>Local de trabalho: Rio de Janeiro, RJ<\/li>\n<li>Regime de contrata\u00e7\u00e3o de tipo: Efetivo \u2013 CLT<\/li>\n<li>Jornada: Per\u00edodo Integral<\/li>\n<li>\u00c1rea e especializa\u00e7\u00e3o profissional: Inform\u00e1tica, TI, Telecomunica\u00e7\u00f5es &#8211; Telecomunica\u00e7\u00f5es<\/li>\n<li>N\u00edvel hier\u00e1rquico: Operacional<\/li>\n<\/ul>\n<p>Escolaridade M\u00ednima: Ensino Fundamental (1\u00ba grau)<\/p>\n","protected":false},"excerpt":{"rendered":"<p>Atividades: Auxiliar\u00a0na\u00a0execu\u00e7\u00e3o\u00a0de\u00a0cabeamento\u00a0estruturado\u00a0e\u00a0cabeamento\u00a0de\u00a0rede; Apoiar\u00a0na\u00a0passagem,\u00a0organiza\u00e7\u00e3o\u00a0e\u00a0identifica\u00e7\u00e3o\u00a0de\u00a0cabos\u00a0de\u00a0rede\u00a0conforme\u00a0orienta\u00e7\u00e3o\u00a0t\u00e9cnica; Auxiliar\u00a0na\u00a0instala\u00e7\u00e3o\u00a0e\u00a0organiza\u00e7\u00e3o\u00a0de\u00a0racks,\u00a0patch\u00a0panels\u00a0e\u00a0demais\u00a0componentes\u00a0de\u00a0rede; Prestar\u00a0suporte\u00a0na\u00a0crimpagem\u00a0de\u00a0cabos\u00a0e\u00a0conectores; Apoiar\u00a0na\u00a0realiza\u00e7\u00e3o\u00a0de\u00a0testes\u00a0b\u00e1sicos\u00a0em\u00a0pontos\u00a0de\u00a0rede; Organizar\u00a0materiais,\u00a0ferramentas\u00a0e\u00a0equipamentos\u00a0utilizados\u00a0nas\u00a0atividades; Dar\u00a0suporte\u00a0geral\u00a0\u00e0\u00a0equipe\u00a0t\u00e9cnica\u00a0nas\u00a0demandas\u00a0do\u00a0dia\u00a0a\u00a0dia. Requisitos: Desej\u00e1vel\u00a0no\u00e7\u00f5es\u00a0b\u00e1sicas\u00a0de\u00a0cabeamento\u00a0estruturado\u00a0e\u00a0redes; Desej\u00e1vel\u00a0viv\u00eancia\u00a0ou\u00a0interesse\u00a0na\u00a0\u00e1rea\u00a0de\u00a0instala\u00e7\u00e3o\u00a0de\u00a0redes; Capacidade\u00a0de\u00a0seguir\u00a0orienta\u00e7\u00f5es\u00a0t\u00e9cnicas; Proatividade,\u00a0organiza\u00e7\u00e3o\u00a0e\u00a0vontade\u00a0de\u00a0aprender; Comprometimento\u00a0e\u00a0responsabilidade. Sal\u00e1rio:\u00a0negociar Hor\u00e1rio: Segunda\u00a0a\u00a0quinta-feira:\u00a008:00\u00a0\u00e0s\u00a018:00 Sexta-feira:\u00a008:00\u00a0\u00e0s\u00a017:00 Benef\u00edcios: Vale\u00a0Alimenta\u00e7\u00e3o Vale\u00a0Transporte Seguro\u00a0de\u00a0vida Plano\u00a0odontol\u00f3gico\u00a0(ap\u00f3s\u00a0a\u00a0experi\u00eancia) Regime:\u00a0CLT ?? Local de trabalho: Rio de Janeiro\/RJ Local de trabalho: Rio de Janeiro, RJ Regime de contrata\u00e7\u00e3o de tipo: Efetivo \u2013 CLT Jornada: Per\u00edodo Integral \u00c1rea e especializa\u00e7\u00e3o profissional: Inform\u00e1tica, TI, [&hellip;]<\/p>\n","protected":false},"author":1,"featured_media":0,"comment_status":"open","ping_status":"open","sticky":false,"template":"","format":"standard","meta":{"footnotes":""},"categories":[21],"tags":[],"class_list":["post-2613","post","type-post","status-publish","format-standard","hentry","category-rio-de-janeiro-rj"],"_links":{"self":[{"href":"https:\/\/vagas.portalemprego.com.br\/index.php?rest_route=\/wp\/v2\/posts\/2613","targetHints":{"allow":["GET"]}}],"collection":[{"href":"https:\/\/vagas.portalemprego.com.br\/index.php?rest_route=\/wp\/v2\/posts"}],"about":[{"href":"https:\/\/vagas.portalemprego.com.br\/index.php?rest_route=\/wp\/v2\/types\/post"}],"author":[{"embeddable":true,"href":"https:\/\/vagas.portalemprego.com.br\/index.php?rest_route=\/wp\/v2\/users\/1"}],"replies":[{"embeddable":true,"href":"https:\/\/vagas.portalemprego.com.br\/index.php?rest_route=%2Fwp%2Fv2%2Fcomments&post=2613"}],"version-history":[{"count":0,"href":"https:\/\/vagas.portalemprego.com.br\/index.php?rest_route=\/wp\/v2\/posts\/2613\/revisions"}],"wp:attachment":[{"href":"https:\/\/vagas.portalemprego.com.br\/index.php?rest_route=%2Fwp%2Fv2%2Fmedia&parent=2613"}],"wp:term":[{"taxonomy":"category","embeddable":true,"href":"https:\/\/vagas.portalemprego.com.br\/index.php?rest_route=%2Fwp%2Fv2%2Fcategories&post=2613"},{"taxonomy":"post_tag","embeddable":true,"href":"https:\/\/vagas.portalemprego.com.br\/index.php?rest_route=%2Fwp%2Fv2%2Ftags&post=2613"}],"curies":[{"name":"wp","href":"https:\/\/api.w.org\/{rel}","templated":true}]}}