{"id":2616,"date":"2026-04-29T06:33:33","date_gmt":"2026-04-29T09:33:33","guid":{"rendered":"https:\/\/vagas.portalemprego.com.br\/?p=2616"},"modified":"2026-04-29T06:33:33","modified_gmt":"2026-04-29T09:33:33","slug":"assistente-administrativo-administracao-rio-de-janeiro-5","status":"publish","type":"post","link":"https:\/\/vagas.portalemprego.com.br\/?p=2616","title":{"rendered":"Assistente Administrativo &#8211; Administra\u00e7\u00e3o &#8211; Rio de Janeiro"},"content":{"rendered":"<p>Estamos em busca de um profissional organizado, proativo e com boa comunica\u00e7\u00e3o para atuar como Assistente Administrativo.<br \/>\nEsse profissional ter\u00e1 um papel fundamental no acompanhamento de chamados, organiza\u00e7\u00e3o de agendas t\u00e9cnicas, controle de processos operacionais e suporte \u00e0s \u00e1reas comerciais e de faturamento.<br \/>\nBuscamos algu\u00e9m com perfil anal\u00edtico, senso de urg\u00eancia e capacidade de gerenciar m\u00faltiplas demandas, assegurando a qualidade e agilidade nas entregas.<\/p>\n<p>Responsabilidades:<br \/>\nIniciar o dia com a verifica\u00e7\u00e3o de e-mails e WhatsApp para abertura de chamados, garantindo o registro e retorno aos clientes internos e externos por meio do sistema oficial da empresa;<br \/>\nElaborar e gerenciar agenda t\u00e9cnica em n\u00edvel nacional;<br \/>\nAcompanhar o andamento dos chamados, assegurando o cumprimento dos SLAs estabelecidos;<br \/>\nAnalisar Ordens de Servi\u00e7o (OS) dos prestadores, realizar lan\u00e7amentos no sistema e efetuar o encerramento adequado;<br \/>\nEnviar feedbacks cont\u00ednuos aos clientes internos e externos sobre o status dos atendimentos;<br \/>\nElaborar e enviar propostas comerciais para redes, acompanhando todo o processo at\u00e9 a aprova\u00e7\u00e3o do cliente;<br \/>\nRealizar follow-up ativo com clientes para garantir o entendimento e aprova\u00e7\u00e3o de or\u00e7amentos;<br \/>\nAtualizar e enviar semanalmente:<br \/>\nPlanilha de manuten\u00e7\u00e3o preventiva das redes;<br \/>\nPlanilha de acompanhamento de vendas, incluindo pend\u00eancias e \u00faltimos contatos realizados;<br \/>\nManter o controle e atualiza\u00e7\u00e3o do faturamento mensal;<br \/>\nElaborar e enviar, no primeiro dia \u00fatil de cada m\u00eas, o relat\u00f3rio consolidado de vendas com informa\u00e7\u00f5es detalhadas (or\u00e7amentos, OS, clientes, valores, etc.);<br \/>\nProspectar novas oportunidades de neg\u00f3cios dentro das redes atendidas;<br \/>\nReceber, conferir e organizar notas fiscais dos servi\u00e7os realizados, garantindo conformidade com os dados acordados;<br \/>\nNegociar valores de servi\u00e7os com prestadores;<br \/>\nSolicitar e acompanhar o envio de materiais junto ao setor de compras;<br \/>\nParticipar de reuni\u00f5es pr\u00e9-obra e alinhamentos operacionais;<br \/>\nCompartilhar informa\u00e7\u00f5es e responsabilidades com a equipe, promovendo colabora\u00e7\u00e3o;<br \/>\nReportar \u00e0 gest\u00e3o dificuldades operacionais e interdepartamentais, propondo melhorias.<\/p>\n<p>Requisitos:<br \/>\nEnsino m\u00e9dio;<br \/>\nExperi\u00eancia pr\u00e9via com atendimento ao cliente e\/ou gest\u00e3o de chamados;<br \/>\nOrganiza\u00e7\u00e3o e aten\u00e7\u00e3o a detalhes;<br \/>\nBoa comunica\u00e7\u00e3o verbal e escrita;<br \/>\nHabilidade de negocia\u00e7\u00e3o;<br \/>\nConhecimento em Excel\/planilhas;<br \/>\nCapacidade de gest\u00e3o de m\u00faltiplas demandas simultaneamente.<\/p>\n<p>Diferenciais:<br \/>\nExperi\u00eancia com sistemas de chamados ou manuten\u00e7\u00e3o;<br \/>\nViv\u00eancia em rotinas operacionais ou administrativas;<br \/>\nConhecimento em controle de faturamento e propostas comerciais.<\/p>\n<p>Local: Rio Comprido &#8211; RJ<br \/>\nHor\u00e1rio: segunda \u00e0 sexta de 8h \u00e0s 17h ou 9h \u00e0s 18h, s\u00e1bado por escala de 8h \u00e0s 16h. Feriados de home office (a combinar, escala).<\/p>\n<p>Benef\u00edcios:<br \/>\n? Vale Alimenta\u00e7\u00e3o\/Refei\u00e7\u00e3o (DUO): R$ 36,08 por dia trabalhado<br \/>\n? Plano de Sa\u00fade (subs\u00eddio de R$ 50,00 na mensalidade do titular)<br \/>\n? Plano Odontol\u00f3gico (100% custeado pela empresa)<br \/>\n? Conv\u00eanio Farm\u00e1cia \u2013 Drogarias Max<br \/>\n? Conv\u00eanio Creditas (empr\u00e9stimos e solu\u00e7\u00f5es financeiras)<br \/>\n? Gympass<br \/>\n? Day off<\/p>\n<ul>\n<li>Local de trabalho: Rio de Janeiro, RJ<\/li>\n<li>Regime de contrata\u00e7\u00e3o de tipo: Efetivo \u2013 CLT<\/li>\n<li>Jornada: Per\u00edodo Integral<\/li>\n<li>\u00c1rea e especializa\u00e7\u00e3o profissional: Administra\u00e7\u00e3o &#8211; Administra\u00e7\u00e3o Geral<\/li>\n<li>N\u00edvel hier\u00e1rquico: Assistente<\/li>\n<\/ul>\n<p>Escolaridade M\u00ednima: Ensino M\u00e9dio (2\u00ba Grau)<\/p>\n<p>Sal\u00e1rio: 2006,0<\/p>\n","protected":false},"excerpt":{"rendered":"<p>Estamos em busca de um profissional organizado, proativo e com boa comunica\u00e7\u00e3o para atuar como Assistente Administrativo. Esse profissional ter\u00e1 um papel fundamental no acompanhamento de chamados, organiza\u00e7\u00e3o de agendas t\u00e9cnicas, controle de processos operacionais e suporte \u00e0s \u00e1reas comerciais e de faturamento. Buscamos algu\u00e9m com perfil anal\u00edtico, senso de urg\u00eancia e capacidade de gerenciar [&hellip;]<\/p>\n","protected":false},"author":1,"featured_media":0,"comment_status":"open","ping_status":"open","sticky":false,"template":"","format":"standard","meta":{"footnotes":""},"categories":[21],"tags":[],"class_list":["post-2616","post","type-post","status-publish","format-standard","hentry","category-rio-de-janeiro-rj"],"_links":{"self":[{"href":"https:\/\/vagas.portalemprego.com.br\/index.php?rest_route=\/wp\/v2\/posts\/2616","targetHints":{"allow":["GET"]}}],"collection":[{"href":"https:\/\/vagas.portalemprego.com.br\/index.php?rest_route=\/wp\/v2\/posts"}],"about":[{"href":"https:\/\/vagas.portalemprego.com.br\/index.php?rest_route=\/wp\/v2\/types\/post"}],"author":[{"embeddable":true,"href":"https:\/\/vagas.portalemprego.com.br\/index.php?rest_route=\/wp\/v2\/users\/1"}],"replies":[{"embeddable":true,"href":"https:\/\/vagas.portalemprego.com.br\/index.php?rest_route=%2Fwp%2Fv2%2Fcomments&post=2616"}],"version-history":[{"count":0,"href":"https:\/\/vagas.portalemprego.com.br\/index.php?rest_route=\/wp\/v2\/posts\/2616\/revisions"}],"wp:attachment":[{"href":"https:\/\/vagas.portalemprego.com.br\/index.php?rest_route=%2Fwp%2Fv2%2Fmedia&parent=2616"}],"wp:term":[{"taxonomy":"category","embeddable":true,"href":"https:\/\/vagas.portalemprego.com.br\/index.php?rest_route=%2Fwp%2Fv2%2Fcategories&post=2616"},{"taxonomy":"post_tag","embeddable":true,"href":"https:\/\/vagas.portalemprego.com.br\/index.php?rest_route=%2Fwp%2Fv2%2Ftags&post=2616"}],"curies":[{"name":"wp","href":"https:\/\/api.w.org\/{rel}","templated":true}]}}