{"id":2621,"date":"2026-04-29T06:33:33","date_gmt":"2026-04-29T09:33:33","guid":{"rendered":"https:\/\/vagas.portalemprego.com.br\/?p=2621"},"modified":"2026-04-29T06:33:33","modified_gmt":"2026-04-29T09:33:33","slug":"frentista-rio-de-janeiro-comercial-vendas-rio-de-janeiro","status":"publish","type":"post","link":"https:\/\/vagas.portalemprego.com.br\/?p=2621","title":{"rendered":"Frentista &#8211; Rio de Janeiro &#8211; Comercial, Vendas &#8211; Rio de Janeiro"},"content":{"rendered":"<p>Venha fazer parte da nossa equipe!<br \/>\nA Rede Am\u00e9ricas, uma das mais respeitadas redes de postos de combust\u00edvel, est\u00e1 em busca de um Frentista dedicado e apaixonado por atendimento ao cliente. Se voc\u00ea se destaca em vendas e valoriza a \u00e9tica e a disciplina, essa vaga \u00e9 para voc\u00ea!<br \/>\nO que voc\u00ea ir\u00e1 fazer:<br \/>\nAtendimento ao Cliente: Proporcionar uma experi\u00eancia personalizada e de qualidade para nossos clientes.<br \/>\nVendas: Comercializar todos os tipos de combust\u00edveis e produtos oferecidos no posto.<br \/>\nDivulga\u00e7\u00e3o: Apresentar e promover nosso programa de fidelidade.<br \/>\nManuten\u00e7\u00e3o: Cuidar do fluxo de caixa e da organiza\u00e7\u00e3o do local de trabalho.<br \/>\nCumprimento de Hor\u00e1rios: Respeitar rigorosamente a escala de trabalho (6&#215;1 &#8211; hor\u00e1rio a combinar).<br \/>\nRequisitos:<br \/>\nEnsino m\u00e9dio completo.<br \/>\nHabilidade para vendas e gosto pelo atendimento ao p\u00fablico.<br \/>\nDisciplina em rela\u00e7\u00e3o a hor\u00e1rios e assiduidade.<br \/>\nCompromisso \u00e9tico e profissional.<br \/>\nPossuir f\u00e1cil acesso ao local de trabalho.<br \/>\nPor que trabalhar na Rede Am\u00e9ricas?<br \/>\nAmbiente acolhedor e colaborativo.<br \/>\nOportunidade de crescimento e desenvolvimento profissional.<br \/>\nEquipe comprometida em oferecer o melhor atendimento.<br \/>\nSe voc\u00ea est\u00e1 pronto para um novo desafio e quer fazer parte de uma equipe que valoriza seu trabalho, inscreva-se agora!<br \/>\nAgradecemos antecipadamente a todos os candidatos pelo interesse, por\u00e9m, informamos que s\u00f3 entraremos em contato com aqueles que forem selecionados para a pr\u00f3xima etapa do processo.<\/p>\n<ul>\n<li>Local de trabalho: Rio de Janeiro, RJ<\/li>\n<li>Regime de contrata\u00e7\u00e3o de tipo: Efetivo \u2013 CLT<\/li>\n<li>Jornada: Per\u00edodo Integral<\/li>\n<li>\u00c1rea e especializa\u00e7\u00e3o profissional: Comercial, Vendas &#8211; Atendimento<\/li>\n<li>N\u00edvel hier\u00e1rquico: Operacional<\/li>\n<\/ul>\n<p>VALORIZADO<\/p>\n<p>Tempo de experi\u00eancia: Sem experi\u00eancia<\/p>\n<p>HABILIDADES<\/p>\n<ul>\n<li>Vendas<\/li>\n<li>Atendimento ao cliente<\/li>\n<li>Boa comunica\u00e7\u00e3o<\/li>\n<li>Organiza\u00e7\u00e3o<\/li>\n<li>Recebimento de pagamentos<\/li>\n<\/ul>\n<p>Escolaridade M\u00ednima: Ensino M\u00e9dio (2\u00ba Grau)<\/p>\n<ul>\n<li>Seguro de Vida<\/li>\n<li>Conv\u00eanios comerciais<\/li>\n<li>Adicional de periculosidade<\/li>\n<li>Vale-alimenta\u00e7\u00e3o<\/li>\n<li>Vale-transporte<\/li>\n<li>TotalPass<\/li>\n<\/ul>\n<p>Sal\u00e1rio: 1615,0<\/p>\n","protected":false},"excerpt":{"rendered":"<p>Venha fazer parte da nossa equipe! A Rede Am\u00e9ricas, uma das mais respeitadas redes de postos de combust\u00edvel, est\u00e1 em busca de um Frentista dedicado e apaixonado por atendimento ao cliente. Se voc\u00ea se destaca em vendas e valoriza a \u00e9tica e a disciplina, essa vaga \u00e9 para voc\u00ea! O que voc\u00ea ir\u00e1 fazer: Atendimento [&hellip;]<\/p>\n","protected":false},"author":1,"featured_media":0,"comment_status":"open","ping_status":"open","sticky":false,"template":"","format":"standard","meta":{"footnotes":""},"categories":[21],"tags":[],"class_list":["post-2621","post","type-post","status-publish","format-standard","hentry","category-rio-de-janeiro-rj"],"_links":{"self":[{"href":"https:\/\/vagas.portalemprego.com.br\/index.php?rest_route=\/wp\/v2\/posts\/2621","targetHints":{"allow":["GET"]}}],"collection":[{"href":"https:\/\/vagas.portalemprego.com.br\/index.php?rest_route=\/wp\/v2\/posts"}],"about":[{"href":"https:\/\/vagas.portalemprego.com.br\/index.php?rest_route=\/wp\/v2\/types\/post"}],"author":[{"embeddable":true,"href":"https:\/\/vagas.portalemprego.com.br\/index.php?rest_route=\/wp\/v2\/users\/1"}],"replies":[{"embeddable":true,"href":"https:\/\/vagas.portalemprego.com.br\/index.php?rest_route=%2Fwp%2Fv2%2Fcomments&post=2621"}],"version-history":[{"count":0,"href":"https:\/\/vagas.portalemprego.com.br\/index.php?rest_route=\/wp\/v2\/posts\/2621\/revisions"}],"wp:attachment":[{"href":"https:\/\/vagas.portalemprego.com.br\/index.php?rest_route=%2Fwp%2Fv2%2Fmedia&parent=2621"}],"wp:term":[{"taxonomy":"category","embeddable":true,"href":"https:\/\/vagas.portalemprego.com.br\/index.php?rest_route=%2Fwp%2Fv2%2Fcategories&post=2621"},{"taxonomy":"post_tag","embeddable":true,"href":"https:\/\/vagas.portalemprego.com.br\/index.php?rest_route=%2Fwp%2Fv2%2Ftags&post=2621"}],"curies":[{"name":"wp","href":"https:\/\/api.w.org\/{rel}","templated":true}]}}