{"id":2623,"date":"2026-04-29T06:33:33","date_gmt":"2026-04-29T09:33:33","guid":{"rendered":"https:\/\/vagas.portalemprego.com.br\/?p=2623"},"modified":"2026-04-29T06:33:33","modified_gmt":"2026-04-29T09:33:33","slug":"recepcionista-administracao-rio-de-janeiro-5","status":"publish","type":"post","link":"https:\/\/vagas.portalemprego.com.br\/?p=2623","title":{"rendered":"Recepcionista &#8211; Administra\u00e7\u00e3o &#8211; Rio de Janeiro"},"content":{"rendered":"<p>Recepcionista para integrar sua equipe e contribuir com o bom funcionamento do ambiente de trabalho. O candidato ser\u00e1 respons\u00e1vel por garantir a organiza\u00e7\u00e3o e o bom atendimento aos visitantes e funcion\u00e1rios.<br \/>\nFun\u00e7\u00f5es:<br \/>\nAcolher e orientar visitantes e funcion\u00e1rios;<br \/>\nGerenciar o fluxo de entrada e sa\u00edda de pessoas;<br \/>\nCoordenar a agenda de reuni\u00f5es e eventos;<br \/>\nAcompanhar a manuten\u00e7\u00e3o do espa\u00e7o de recep\u00e7\u00e3o;<br \/>\nColaborar com outras \u00e1reas na organiza\u00e7\u00e3o de eventos internos.<\/p>\n<ul>\n<li>N\u00famero de vagas: 3<\/li>\n<li>Local de trabalho: Rio de Janeiro, RJ<\/li>\n<li>Regime de contrata\u00e7\u00e3o de tipo: Efetivo \u2013 CLT<\/li>\n<li>Jornada: Per\u00edodo Integral<\/li>\n<li>\u00c1rea e especializa\u00e7\u00e3o profissional: Administra\u00e7\u00e3o &#8211; Recep\u00e7\u00e3o<\/li>\n<li>N\u00edvel hier\u00e1rquico: Auxiliar<\/li>\n<\/ul>\n<p>VALORIZADO<\/p>\n<p>Tempo de experi\u00eancia: Entre 1 e 3 anos<\/p>\n<p>HABILIDADES<\/p>\n<ul>\n<li>Recep\u00e7\u00e3o<\/li>\n<li>Atendimento ao cliente<\/li>\n<li>Servi\u00e7o ao cliente<\/li>\n<li>Recebendo chamadas<\/li>\n<li>Gest\u00e3o do ambiente de trabalho<\/li>\n<\/ul>\n<p>Escolaridade M\u00ednima: Ensino M\u00e9dio (2\u00ba Grau)<\/p>\n<p>Sal\u00e1rio: 1837,87<\/p>\n","protected":false},"excerpt":{"rendered":"<p>Recepcionista para integrar sua equipe e contribuir com o bom funcionamento do ambiente de trabalho. O candidato ser\u00e1 respons\u00e1vel por garantir a organiza\u00e7\u00e3o e o bom atendimento aos visitantes e funcion\u00e1rios. Fun\u00e7\u00f5es: Acolher e orientar visitantes e funcion\u00e1rios; Gerenciar o fluxo de entrada e sa\u00edda de pessoas; Coordenar a agenda de reuni\u00f5es e eventos; Acompanhar [&hellip;]<\/p>\n","protected":false},"author":1,"featured_media":0,"comment_status":"open","ping_status":"open","sticky":false,"template":"","format":"standard","meta":{"footnotes":""},"categories":[21],"tags":[],"class_list":["post-2623","post","type-post","status-publish","format-standard","hentry","category-rio-de-janeiro-rj"],"_links":{"self":[{"href":"https:\/\/vagas.portalemprego.com.br\/index.php?rest_route=\/wp\/v2\/posts\/2623","targetHints":{"allow":["GET"]}}],"collection":[{"href":"https:\/\/vagas.portalemprego.com.br\/index.php?rest_route=\/wp\/v2\/posts"}],"about":[{"href":"https:\/\/vagas.portalemprego.com.br\/index.php?rest_route=\/wp\/v2\/types\/post"}],"author":[{"embeddable":true,"href":"https:\/\/vagas.portalemprego.com.br\/index.php?rest_route=\/wp\/v2\/users\/1"}],"replies":[{"embeddable":true,"href":"https:\/\/vagas.portalemprego.com.br\/index.php?rest_route=%2Fwp%2Fv2%2Fcomments&post=2623"}],"version-history":[{"count":0,"href":"https:\/\/vagas.portalemprego.com.br\/index.php?rest_route=\/wp\/v2\/posts\/2623\/revisions"}],"wp:attachment":[{"href":"https:\/\/vagas.portalemprego.com.br\/index.php?rest_route=%2Fwp%2Fv2%2Fmedia&parent=2623"}],"wp:term":[{"taxonomy":"category","embeddable":true,"href":"https:\/\/vagas.portalemprego.com.br\/index.php?rest_route=%2Fwp%2Fv2%2Fcategories&post=2623"},{"taxonomy":"post_tag","embeddable":true,"href":"https:\/\/vagas.portalemprego.com.br\/index.php?rest_route=%2Fwp%2Fv2%2Ftags&post=2623"}],"curies":[{"name":"wp","href":"https:\/\/api.w.org\/{rel}","templated":true}]}}