{"id":2624,"date":"2026-04-29T06:33:33","date_gmt":"2026-04-29T09:33:33","guid":{"rendered":"https:\/\/vagas.portalemprego.com.br\/?p=2624"},"modified":"2026-04-29T06:33:33","modified_gmt":"2026-04-29T09:33:33","slug":"recepcionista-bilingue-administracao-rio-de-janeiro-2","status":"publish","type":"post","link":"https:\/\/vagas.portalemprego.com.br\/?p=2624","title":{"rendered":"Recepcionista Bil\u00edngue &#8211; Administra\u00e7\u00e3o &#8211; Rio de Janeiro"},"content":{"rendered":"<p>A\u00a0fun\u00e7\u00e3o\u00a0de\u00a0recepcionista\u00a0bil\u00edngue\u00a0envolve\u00a0atender\u00a0visitantes\u00a0e\u00a0clientes\u00a0em\u00a0portugu\u00eas\u00a0e\u00a0ingl\u00eas,\u00a0al\u00e9m\u00a0de\u00a0gerenciar\u00a0o\u00a0fluxo\u00a0de\u00a0pessoas\u00a0e\u00a0fornecer\u00a0informa\u00e7\u00f5es\u00a0sobre\u00a0a\u00a0empresa.\u00a0Os\u00a0principais\u00a0responsabilidades\u00a0incluem:<br \/>\nCumprimentar\u00a0visitantes\u00a0e\u00a0atender\u00a0chamadas\u00a0telef\u00f4nicas.<br \/>\nManter\u00a0a\u00a0\u00e1rea\u00a0de\u00a0recep\u00e7\u00e3o\u00a0organizada\u00a0e\u00a0auxiliar\u00a0em\u00a0emerg\u00eancias.<br \/>\nGarantir\u00a0a\u00a0qualidade\u00a0do\u00a0atendimento\u00a0ao\u00a0cliente,\u00a0contribuindo\u00a0para\u00a0a\u00a0experi\u00eancia\u00a0do\u00a0cliente\u00a0antes,\u00a0durante\u00a0e\u00a0ap\u00f3s\u00a0a\u00a0estadia.<\/p>\n<ul>\n<li>N\u00famero de vagas: 3<\/li>\n<li>Local de trabalho: Rio de Janeiro, RJ<\/li>\n<li>Regime de contrata\u00e7\u00e3o de tipo: Efetivo \u2013 CLT<\/li>\n<li>Jornada: Per\u00edodo Integral<\/li>\n<li>\u00c1rea e especializa\u00e7\u00e3o profissional: Administra\u00e7\u00e3o &#8211; Recep\u00e7\u00e3o<\/li>\n<li>N\u00edvel hier\u00e1rquico: Assistente<\/li>\n<\/ul>\n<p>VALORIZADO<\/p>\n<p>Tempo de experi\u00eancia: Entre 1 e 3 anos<\/p>\n<p>HABILIDADES<\/p>\n<ul>\n<li>Recep\u00e7\u00e3o<\/li>\n<li>Servi\u00e7o ao cliente<\/li>\n<li>Atendimento ao cliente<\/li>\n<li>Atendimento telef\u00f3nico<\/li>\n<li>Aten\u00e7\u00e3o ao p\u00fablico<\/li>\n<\/ul>\n<p>Escolaridade M\u00ednima: Ensino M\u00e9dio (2\u00ba Grau)<\/p>\n<p>Idiomas:<\/p>\n<ul>\n<li>Ingl\u00eas (Avan\u00e7ado)<\/li>\n<\/ul>\n<p>Sal\u00e1rio: 2958,6<\/p>\n","protected":false},"excerpt":{"rendered":"<p>A\u00a0fun\u00e7\u00e3o\u00a0de\u00a0recepcionista\u00a0bil\u00edngue\u00a0envolve\u00a0atender\u00a0visitantes\u00a0e\u00a0clientes\u00a0em\u00a0portugu\u00eas\u00a0e\u00a0ingl\u00eas,\u00a0al\u00e9m\u00a0de\u00a0gerenciar\u00a0o\u00a0fluxo\u00a0de\u00a0pessoas\u00a0e\u00a0fornecer\u00a0informa\u00e7\u00f5es\u00a0sobre\u00a0a\u00a0empresa.\u00a0Os\u00a0principais\u00a0responsabilidades\u00a0incluem: Cumprimentar\u00a0visitantes\u00a0e\u00a0atender\u00a0chamadas\u00a0telef\u00f4nicas. Manter\u00a0a\u00a0\u00e1rea\u00a0de\u00a0recep\u00e7\u00e3o\u00a0organizada\u00a0e\u00a0auxiliar\u00a0em\u00a0emerg\u00eancias. Garantir\u00a0a\u00a0qualidade\u00a0do\u00a0atendimento\u00a0ao\u00a0cliente,\u00a0contribuindo\u00a0para\u00a0a\u00a0experi\u00eancia\u00a0do\u00a0cliente\u00a0antes,\u00a0durante\u00a0e\u00a0ap\u00f3s\u00a0a\u00a0estadia. N\u00famero de vagas: 3 Local de trabalho: Rio de Janeiro, RJ Regime de contrata\u00e7\u00e3o de tipo: Efetivo \u2013 CLT Jornada: Per\u00edodo Integral \u00c1rea e especializa\u00e7\u00e3o profissional: Administra\u00e7\u00e3o &#8211; Recep\u00e7\u00e3o N\u00edvel hier\u00e1rquico: Assistente VALORIZADO Tempo de experi\u00eancia: Entre 1 e 3 anos HABILIDADES Recep\u00e7\u00e3o Servi\u00e7o ao cliente Atendimento ao cliente Atendimento telef\u00f3nico [&hellip;]<\/p>\n","protected":false},"author":1,"featured_media":0,"comment_status":"open","ping_status":"open","sticky":false,"template":"","format":"standard","meta":{"footnotes":""},"categories":[21],"tags":[],"class_list":["post-2624","post","type-post","status-publish","format-standard","hentry","category-rio-de-janeiro-rj"],"_links":{"self":[{"href":"https:\/\/vagas.portalemprego.com.br\/index.php?rest_route=\/wp\/v2\/posts\/2624","targetHints":{"allow":["GET"]}}],"collection":[{"href":"https:\/\/vagas.portalemprego.com.br\/index.php?rest_route=\/wp\/v2\/posts"}],"about":[{"href":"https:\/\/vagas.portalemprego.com.br\/index.php?rest_route=\/wp\/v2\/types\/post"}],"author":[{"embeddable":true,"href":"https:\/\/vagas.portalemprego.com.br\/index.php?rest_route=\/wp\/v2\/users\/1"}],"replies":[{"embeddable":true,"href":"https:\/\/vagas.portalemprego.com.br\/index.php?rest_route=%2Fwp%2Fv2%2Fcomments&post=2624"}],"version-history":[{"count":0,"href":"https:\/\/vagas.portalemprego.com.br\/index.php?rest_route=\/wp\/v2\/posts\/2624\/revisions"}],"wp:attachment":[{"href":"https:\/\/vagas.portalemprego.com.br\/index.php?rest_route=%2Fwp%2Fv2%2Fmedia&parent=2624"}],"wp:term":[{"taxonomy":"category","embeddable":true,"href":"https:\/\/vagas.portalemprego.com.br\/index.php?rest_route=%2Fwp%2Fv2%2Fcategories&post=2624"},{"taxonomy":"post_tag","embeddable":true,"href":"https:\/\/vagas.portalemprego.com.br\/index.php?rest_route=%2Fwp%2Fv2%2Ftags&post=2624"}],"curies":[{"name":"wp","href":"https:\/\/api.w.org\/{rel}","templated":true}]}}