{"id":2629,"date":"2026-04-29T06:33:33","date_gmt":"2026-04-29T09:33:33","guid":{"rendered":"https:\/\/vagas.portalemprego.com.br\/?p=2629"},"modified":"2026-04-29T06:33:33","modified_gmt":"2026-04-29T09:33:33","slug":"operador-de-empilhadeira-i-industrial-producao-fabrica-macae","status":"publish","type":"post","link":"https:\/\/vagas.portalemprego.com.br\/?p=2629","title":{"rendered":"Operador de Empilhadeira I &#8211; Industrial, Produ\u00e7\u00e3o, F\u00e1brica &#8211; Maca\u00e9"},"content":{"rendered":"<p>Principais atividades:<br \/>\nAlimentar as \u00e1reas de produ\u00e7\u00e3o, descarregar e carregar caminh\u00f5es com equipamentos.<br \/>\nEfetuar movimenta\u00e7\u00f5es de Racks, cavaletes e pallets em geral.<br \/>\nOperar empilhadeira de acordo com demanda.<br \/>\nTrabalhar seguindo as normas de seguran\u00e7a, higiene, qualidade e prote\u00e7\u00e3o ao meio ambiente.<br \/>\nOperar\u00e1 empilhadeira a g\u00e1s, el\u00e9trica e combust\u00edvel<br \/>\nMovimentar\u00e1 carga de 16 toneladas<br \/>\n\u00a0Local de Trabalho: Imboassica\/Maca\u00e9<\/p>\n<ul>\n<li>Local de trabalho: Maca\u00e9, RJ<\/li>\n<li>Regime de contrata\u00e7\u00e3o de tipo: Efetivo \u2013 CLT<\/li>\n<li>Jornada: Per\u00edodo Integral<\/li>\n<li>\u00c1rea e especializa\u00e7\u00e3o profissional: Industrial, Produ\u00e7\u00e3o, F\u00e1brica &#8211; Operador de Empilhadeira<\/li>\n<li>N\u00edvel hier\u00e1rquico: Operacional<\/li>\n<\/ul>\n<p>VALORIZADO<\/p>\n<p>Tempo de experi\u00eancia: Menos de 1 ano<\/p>\n<p>Escolaridade M\u00ednima: Ensino M\u00e9dio (2\u00ba Grau)<\/p>\n<p>Habilita\u00e7\u00e3o para dirigir: B<\/p>\n<p>Sal\u00e1rio: 2900,0<\/p>\n","protected":false},"excerpt":{"rendered":"<p>Principais atividades: Alimentar as \u00e1reas de produ\u00e7\u00e3o, descarregar e carregar caminh\u00f5es com equipamentos. Efetuar movimenta\u00e7\u00f5es de Racks, cavaletes e pallets em geral. Operar empilhadeira de acordo com demanda. Trabalhar seguindo as normas de seguran\u00e7a, higiene, qualidade e prote\u00e7\u00e3o ao meio ambiente. Operar\u00e1 empilhadeira a g\u00e1s, el\u00e9trica e combust\u00edvel Movimentar\u00e1 carga de 16 toneladas \u00a0Local de [&hellip;]<\/p>\n","protected":false},"author":1,"featured_media":0,"comment_status":"open","ping_status":"open","sticky":false,"template":"","format":"standard","meta":{"footnotes":""},"categories":[21],"tags":[],"class_list":["post-2629","post","type-post","status-publish","format-standard","hentry","category-rio-de-janeiro-rj"],"_links":{"self":[{"href":"https:\/\/vagas.portalemprego.com.br\/index.php?rest_route=\/wp\/v2\/posts\/2629","targetHints":{"allow":["GET"]}}],"collection":[{"href":"https:\/\/vagas.portalemprego.com.br\/index.php?rest_route=\/wp\/v2\/posts"}],"about":[{"href":"https:\/\/vagas.portalemprego.com.br\/index.php?rest_route=\/wp\/v2\/types\/post"}],"author":[{"embeddable":true,"href":"https:\/\/vagas.portalemprego.com.br\/index.php?rest_route=\/wp\/v2\/users\/1"}],"replies":[{"embeddable":true,"href":"https:\/\/vagas.portalemprego.com.br\/index.php?rest_route=%2Fwp%2Fv2%2Fcomments&post=2629"}],"version-history":[{"count":0,"href":"https:\/\/vagas.portalemprego.com.br\/index.php?rest_route=\/wp\/v2\/posts\/2629\/revisions"}],"wp:attachment":[{"href":"https:\/\/vagas.portalemprego.com.br\/index.php?rest_route=%2Fwp%2Fv2%2Fmedia&parent=2629"}],"wp:term":[{"taxonomy":"category","embeddable":true,"href":"https:\/\/vagas.portalemprego.com.br\/index.php?rest_route=%2Fwp%2Fv2%2Fcategories&post=2629"},{"taxonomy":"post_tag","embeddable":true,"href":"https:\/\/vagas.portalemprego.com.br\/index.php?rest_route=%2Fwp%2Fv2%2Ftags&post=2629"}],"curies":[{"name":"wp","href":"https:\/\/api.w.org\/{rel}","templated":true}]}}