{"id":2635,"date":"2026-04-29T06:33:33","date_gmt":"2026-04-29T09:33:33","guid":{"rendered":"https:\/\/vagas.portalemprego.com.br\/?p=2635"},"modified":"2026-04-29T06:33:33","modified_gmt":"2026-04-29T09:33:33","slug":"instrutora-de-musculacao-americas-shopping-rj-educacao-ensino-idiomas-rio-de-janeiro","status":"publish","type":"post","link":"https:\/\/vagas.portalemprego.com.br\/?p=2635","title":{"rendered":"Instrutor(a) de Muscula\u00e7\u00e3o &#8211; Am\u00e9ricas Shopping &#8211; RJ &#8211; Educa\u00e7\u00e3o, Ensino, Idiomas &#8211; Rio de Janeiro"},"content":{"rendered":"<p>Responsabilidades da vaga<br \/>\nOrientar os alunos na execu\u00e7\u00e3o correta dos exerc\u00edcios, garantindo seguran\u00e7a e efici\u00eancia.<br \/>\nElaborar e atualizar fichas de treino conforme objetivo e n\u00edvel de condicionamento f\u00edsico.<br \/>\nAcompanhar a evolu\u00e7\u00e3o dos alunos, realizando ajustes quando necess\u00e1rio.<br \/>\nCorrigir postura e t\u00e9cnica durante a pr\u00e1tica dos exerc\u00edcios.<br \/>\nRealizar avalia\u00e7\u00e3o f\u00edsica (quando habilitado) ou encaminhar para avalia\u00e7\u00e3o.<br \/>\nZelar pela organiza\u00e7\u00e3o do sal\u00e3o de muscula\u00e7\u00e3o e equipamentos.<br \/>\nGarantir o cumprimento das normas de seguran\u00e7a e utiliza\u00e7\u00e3o adequada dos aparelhos.<br \/>\nPrestar primeiros socorros em casos de intercorr\u00eancias (quando necess\u00e1rio).<br \/>\nEstimular a perman\u00eancia e fideliza\u00e7\u00e3o dos alunos por meio de atendimento de qualidade.<br \/>\nApoiar a\u00e7\u00f5es internas como eventos, desafios e campanhas da unidade.<br \/>\nRequisitos necess\u00e1rios<br \/>\nBacharel em Educa\u00e7\u00e3o f\u00edsica com CREF ativo.<br \/>\nBenef\u00edcios<br \/>\nVT;<br \/>\nLivre acesso \u00e0 unidades Bodytech de origem;<br \/>\nAcesso ao app BTFIT;<br \/>\nBT College, plataforma para colaboradores onde disponibilizamos treinamentos em diversas \u00e1reas;<br \/>\nParcerias com institui\u00e7\u00f5es de ensino;<br \/>\nPrograma de apoio psicol\u00f3gico;<br \/>\nConv\u00eanio com o SESC.<br \/>\nHor\u00e1rio<br \/>\nA definir<br \/>\nEscala 6&#215;1<br \/>\nLocal<br \/>\nBodytech Am\u00e9ricas Shopping<br \/>\nAv. das Am\u00e9ricas, 15500 &#8211; Recreio dos Bandeirantes<br \/>\nRio de Janeiro, RJ<\/p>\n<ul>\n<li>N\u00famero de vagas: 2<\/li>\n<li>Local de trabalho: Rio de Janeiro, RJ<\/li>\n<li>Regime de contrata\u00e7\u00e3o de tipo: Efetivo \u2013 CLT<\/li>\n<li>Jornada: Per\u00edodo Integral<\/li>\n<li>\u00c1rea e especializa\u00e7\u00e3o profissional: Educa\u00e7\u00e3o, Ensino, Idiomas &#8211; Educa\u00e7\u00e3o F\u00edsica<\/li>\n<li>N\u00edvel hier\u00e1rquico: Especialista<\/li>\n<\/ul>\n<p>Escolaridade M\u00ednima: Ensino Superior<\/p>\n","protected":false},"excerpt":{"rendered":"<p>Responsabilidades da vaga Orientar os alunos na execu\u00e7\u00e3o correta dos exerc\u00edcios, garantindo seguran\u00e7a e efici\u00eancia. Elaborar e atualizar fichas de treino conforme objetivo e n\u00edvel de condicionamento f\u00edsico. Acompanhar a evolu\u00e7\u00e3o dos alunos, realizando ajustes quando necess\u00e1rio. Corrigir postura e t\u00e9cnica durante a pr\u00e1tica dos exerc\u00edcios. Realizar avalia\u00e7\u00e3o f\u00edsica (quando habilitado) ou encaminhar para avalia\u00e7\u00e3o. [&hellip;]<\/p>\n","protected":false},"author":1,"featured_media":0,"comment_status":"open","ping_status":"open","sticky":false,"template":"","format":"standard","meta":{"footnotes":""},"categories":[21],"tags":[],"class_list":["post-2635","post","type-post","status-publish","format-standard","hentry","category-rio-de-janeiro-rj"],"_links":{"self":[{"href":"https:\/\/vagas.portalemprego.com.br\/index.php?rest_route=\/wp\/v2\/posts\/2635","targetHints":{"allow":["GET"]}}],"collection":[{"href":"https:\/\/vagas.portalemprego.com.br\/index.php?rest_route=\/wp\/v2\/posts"}],"about":[{"href":"https:\/\/vagas.portalemprego.com.br\/index.php?rest_route=\/wp\/v2\/types\/post"}],"author":[{"embeddable":true,"href":"https:\/\/vagas.portalemprego.com.br\/index.php?rest_route=\/wp\/v2\/users\/1"}],"replies":[{"embeddable":true,"href":"https:\/\/vagas.portalemprego.com.br\/index.php?rest_route=%2Fwp%2Fv2%2Fcomments&post=2635"}],"version-history":[{"count":0,"href":"https:\/\/vagas.portalemprego.com.br\/index.php?rest_route=\/wp\/v2\/posts\/2635\/revisions"}],"wp:attachment":[{"href":"https:\/\/vagas.portalemprego.com.br\/index.php?rest_route=%2Fwp%2Fv2%2Fmedia&parent=2635"}],"wp:term":[{"taxonomy":"category","embeddable":true,"href":"https:\/\/vagas.portalemprego.com.br\/index.php?rest_route=%2Fwp%2Fv2%2Fcategories&post=2635"},{"taxonomy":"post_tag","embeddable":true,"href":"https:\/\/vagas.portalemprego.com.br\/index.php?rest_route=%2Fwp%2Fv2%2Ftags&post=2635"}],"curies":[{"name":"wp","href":"https:\/\/api.w.org\/{rel}","templated":true}]}}