{"id":2640,"date":"2026-04-29T06:33:33","date_gmt":"2026-04-29T09:33:33","guid":{"rendered":"https:\/\/vagas.portalemprego.com.br\/?p=2640"},"modified":"2026-04-29T06:33:33","modified_gmt":"2026-04-29T09:33:33","slug":"consultor-de-vendas-comercial-vendas-rio-de-janeiro-3","status":"publish","type":"post","link":"https:\/\/vagas.portalemprego.com.br\/?p=2640","title":{"rendered":"Consultor de Vendas &#8211; Comercial, Vendas &#8211; Rio de Janeiro"},"content":{"rendered":"<p>Vendedora de Planos de Sau\u00b4de<\/p>\n<p>Local: Barra Oli\u00b4mpica;<br \/>\nEnderec\u00b8o: Rua Victor Civita, 66 &#8211; Edif\u00edcio 5, sala 301. Pr\u00f3ximo a Perinatal e ao bosque.<br \/>\nEmpresa: Novac\u00b8a~o Seguros;<br \/>\nProduto: Planos de Sau\u00b4de e Odontolo\u00b4gicos;<br \/>\nTrabalhamos com as principais operadoras do mercado: Bradesco, Sulame\u00b4rica, Amil, Unimed Ferj, Assim Sau\u00b4de, entre outros.<\/p>\n<p>Ja\u00b4 deu uma olhada no nosso instagram? @novacaoseguros, segue a gente la\u00b4 e fique por dentro das nossas vagas!<\/p>\n<p>Requisitos:<br \/>\n* Ser maior de 18 anos;<br \/>\n* Facilidade de comunicac\u00b8a~o;<br \/>\n* Vontade de crescer na carreira;<br \/>\n* Deseja\u00b4vel: Ter experie^ncia com vendas ou telemarketing.<\/p>\n<p>Sobre a vaga:<br \/>\n* Sala\u00b4rio: R$ 1.734,00 + Comissionamento;<br \/>\n* Benefi\u00b4cios: Vale alimentac\u00b8a~o\/refeic\u00b8a~o + Passagem;<br \/>\n* Carteira assinada!<br \/>\n* Hora\u00b4rio: De senguda a sexta (8:30 a`s 18h)<\/p>\n<p>Obs: Aceitamos pessoas sem experie^ncia na\u00a0a\u00b4rea\u00a0de\u00a0vendas<\/p>\n<p> Ja\u00b4 deu uma olhada no nosso instagram? @novacaoseguros, segue a gente la\u00b4 e fique por dentro das nossas vagas!<\/p>\n<ul>\n<li>N\u00famero de vagas: 5<\/li>\n<li>Local de trabalho: Rio de Janeiro, RJ<\/li>\n<li>Regime de contrata\u00e7\u00e3o de tipo: Efetivo \u2013 CLT<\/li>\n<li>Jornada: Per\u00edodo Integral<\/li>\n<li>\u00c1rea e especializa\u00e7\u00e3o profissional: Comercial, Vendas &#8211; Venda Interna<\/li>\n<li>N\u00edvel hier\u00e1rquico: Auxiliar<\/li>\n<\/ul>\n<p>VALORIZADO<\/p>\n<p>Tempo de experi\u00eancia: Sem experi\u00eancia<\/p>\n<p>Escolaridade M\u00ednima: Ensino M\u00e9dio (2\u00ba Grau)<\/p>\n<ul>\n<li>Vale-alimenta\u00e7\u00e3o<\/li>\n<li>Vale-refei\u00e7\u00e3o<\/li>\n<li>Vale-transporte<\/li>\n<\/ul>\n<p>Sal\u00e1rio: 4000,0<\/p>\n","protected":false},"excerpt":{"rendered":"<p>Vendedora de Planos de Sau\u00b4de Local: Barra Oli\u00b4mpica; Enderec\u00b8o: Rua Victor Civita, 66 &#8211; Edif\u00edcio 5, sala 301. Pr\u00f3ximo a Perinatal e ao bosque. Empresa: Novac\u00b8a~o Seguros; Produto: Planos de Sau\u00b4de e Odontolo\u00b4gicos; Trabalhamos com as principais operadoras do mercado: Bradesco, Sulame\u00b4rica, Amil, Unimed Ferj, Assim Sau\u00b4de, entre outros. Ja\u00b4 deu uma olhada no nosso [&hellip;]<\/p>\n","protected":false},"author":1,"featured_media":0,"comment_status":"open","ping_status":"open","sticky":false,"template":"","format":"standard","meta":{"footnotes":""},"categories":[21],"tags":[],"class_list":["post-2640","post","type-post","status-publish","format-standard","hentry","category-rio-de-janeiro-rj"],"_links":{"self":[{"href":"https:\/\/vagas.portalemprego.com.br\/index.php?rest_route=\/wp\/v2\/posts\/2640","targetHints":{"allow":["GET"]}}],"collection":[{"href":"https:\/\/vagas.portalemprego.com.br\/index.php?rest_route=\/wp\/v2\/posts"}],"about":[{"href":"https:\/\/vagas.portalemprego.com.br\/index.php?rest_route=\/wp\/v2\/types\/post"}],"author":[{"embeddable":true,"href":"https:\/\/vagas.portalemprego.com.br\/index.php?rest_route=\/wp\/v2\/users\/1"}],"replies":[{"embeddable":true,"href":"https:\/\/vagas.portalemprego.com.br\/index.php?rest_route=%2Fwp%2Fv2%2Fcomments&post=2640"}],"version-history":[{"count":0,"href":"https:\/\/vagas.portalemprego.com.br\/index.php?rest_route=\/wp\/v2\/posts\/2640\/revisions"}],"wp:attachment":[{"href":"https:\/\/vagas.portalemprego.com.br\/index.php?rest_route=%2Fwp%2Fv2%2Fmedia&parent=2640"}],"wp:term":[{"taxonomy":"category","embeddable":true,"href":"https:\/\/vagas.portalemprego.com.br\/index.php?rest_route=%2Fwp%2Fv2%2Fcategories&post=2640"},{"taxonomy":"post_tag","embeddable":true,"href":"https:\/\/vagas.portalemprego.com.br\/index.php?rest_route=%2Fwp%2Fv2%2Ftags&post=2640"}],"curies":[{"name":"wp","href":"https:\/\/api.w.org\/{rel}","templated":true}]}}