{"id":2642,"date":"2026-04-29T06:33:33","date_gmt":"2026-04-29T09:33:33","guid":{"rendered":"https:\/\/vagas.portalemprego.com.br\/?p=2642"},"modified":"2026-04-29T06:33:33","modified_gmt":"2026-04-29T09:33:33","slug":"encarregado-de-construcao-de-rede-optica-informatica-ti-telecomunicacoes-sao-joao-de-meriti","status":"publish","type":"post","link":"https:\/\/vagas.portalemprego.com.br\/?p=2642","title":{"rendered":"Encarregado de Constru\u00e7\u00e3o de Rede \u00d3ptica &#8211; Inform\u00e1tica, TI, Telecomunica\u00e7\u00f5es &#8211; S\u00e3o Jo\u00e3o de Meriti"},"content":{"rendered":"<p>Somos a Randstad, l\u00edder global em solu\u00e7\u00f5es de Recursos Humanos. Unimos tecnologia e paix\u00e3o por pessoas para conectar talentos \u00e0s melhores oportunidades no mundo todo. Com mais de 65 anos de experi\u00eancia, presen\u00e7a em 39 pa\u00edses e uma equipe de 40.000 profissionais, ajudamos milh\u00f5es de pessoas a conquistar novos desafios e centenas de milhares de empresas a encontrar os talentos ideais.<br \/>\nAgora, temos uma oportunidade imperd\u00edvel para um de nossos clientes &#8211;\u00a0uma multinacional de origem brit\u00e2nica que atua como uma das principais integradoras globais de solu\u00e7\u00f5es e servi\u00e7os gerenciados de Tecnologia da Informa\u00e7\u00e3o e Comunica\u00e7\u00e3o (TIC). Com um corpo t\u00e9cnico de mais de\u00a07.000 colaboradores, conhecidos internamente como &#8220;Arquitetos da Mudan\u00e7a&#8221;, a companhia possui presen\u00e7a direta em\u00a030 pa\u00edses\u00a0(territ\u00f3rios) espalhados pela Europa, Am\u00e9ricas e \u00c1sia-Pac\u00edfico. Seu foco estrat\u00e9gico envolve a acelera\u00e7\u00e3o da transforma\u00e7\u00e3o digital de grandes empresas atrav\u00e9s de compet\u00eancias em nuvem, ciberseguran\u00e7a, redes inteligentes e conectividade de pr\u00f3xima gera\u00e7\u00e3o. Buscamos profissionais com o seguinte perfil:<br \/>\nDescri\u00e7\u00e3o breve do perfil esperado:<br \/>\nForma\u00e7\u00e3o acad\u00eamica exigida: M\u00ednimo 2\u00ba grau completo ou curso t\u00e9cnico de eletr\u00f4nica, telecom, TI ou similar.<br \/>\nExperi\u00eancia m\u00ednima e desej\u00e1vel: Experi\u00eancia m\u00ednima de 3 anos liderando equipes de campo de lan\u00e7amento de cabos e adequa\u00e7\u00e3o de postes.<br \/>\nViv\u00eancia em constru\u00e7\u00e3o de rede \u00f3ptica a\u00e9rea e subterr\u00e2nea GPON.<br \/>\nCompet\u00eancias t\u00e9cnicas espec\u00edficas: Conhecimento em procedimentos de seguran\u00e7a de constru\u00e7\u00e3o em campo (refer\u00eancia NR10 e 35) e uso de EPIs.<br \/>\nConhecimento em elabora\u00e7\u00e3o de di\u00e1rio de obras.<br \/>\nConhecimento em medi\u00e7\u00e3o de produ\u00e7\u00e3o de obras.<br \/>\nConhecimento em an\u00e1lise de projeto \u00f3ptico.<br \/>\nConhecimento em confer\u00eancia de materiais miscel\u00e2neos que s\u00e3o utilizados em obras de rede \u00f3ptica.<br \/>\nConhecimento da constru\u00e7\u00e3o de caixas subterr\u00e2neas.<br \/>\nSaber utilizar Excel e Word.<br \/>\nCNH v\u00e1lida.<br \/>\nAtividades a serem desenvolvidas:<br \/>\nLan\u00e7amento de cabo \u00f3ptico a\u00e9reo ou subterr\u00e2neo.<br \/>\nRealizar troca, implanta\u00e7\u00e3o ou equipar postes (colocar bra\u00e7adeira, isoladores), passar cabos, manuten\u00e7\u00e3o em cabos a\u00e9reos e subterr\u00e2neos.<br \/>\nApresentar relat\u00f3rios de atividades di\u00e1rias.<br \/>\nRealizar leitura dos projetos e distribui\u00e7\u00e3o das atividades a serem executadas pela equipe.<br \/>\nLiderar a equipe em campo para atingir as metas definidas.<br \/>\nGerenciar o hor\u00e1rio e performance dos membros da equipe.<br \/>\nModelo de contrata\u00e7\u00e3o: CLT pelo\u00a0cliente.<br \/>\nAtua\u00e7\u00e3o: Presencial<br \/>\nLocal de Trabalho:S\u00e3o Jo\u00e3o de Meriti &#8211; RJ<br \/>\nHor\u00e1rio de Trabalho: Disponibilidade para atua\u00e7\u00e3o das 08h00min \u00e0s 17h00min com 1h de intervalo para almo\u00e7o\u00a0&#8211; Segunda a sexta-feira.<br \/>\nBenef\u00edcios: Seguro de Vida; Assist\u00eancia M\u00e9dica; Assist\u00eancia odontol\u00f3gica GNDI; Vale Refei\u00e7\u00e3o\/Alimenta\u00e7\u00e3o: R$ 777,00\/m\u00eas; Aux\u00edlio Creche para crian\u00e7as de at\u00e9 3 anos; Vale Transporte (com desconto de at\u00e9 6% do sal\u00e1rio), ve\u00edculo disponibilizado pela empresa.<\/p>\n<ul>\n<li>N\u00famero de vagas: 4<\/li>\n<li>Local de trabalho: S\u00e3o Jo\u00e3o de Meriti, RJ<\/li>\n<li>Regime de contrata\u00e7\u00e3o de tipo: Efetivo \u2013 CLT<\/li>\n<li>Jornada: Per\u00edodo Integral<\/li>\n<li>\u00c1rea e especializa\u00e7\u00e3o profissional: Inform\u00e1tica, TI, Telecomunica\u00e7\u00f5es &#8211; Telecomunica\u00e7\u00f5es<\/li>\n<li>N\u00edvel hier\u00e1rquico: Encarregado<\/li>\n<\/ul>\n<p>HABILIDADES<\/p>\n<ul>\n<li>Viv\u00eancia em constru\u00e7\u00e3o de rede \u00f3ptica a\u00e9rea e subterr\u00e2nea GPON.<\/li>\n<li>Conhecimento em confer\u00eancia de materiais miscel\u00e2neos que s\u00e3o utilizados em obras de rede \u00f3ptica.<\/li>\n<li>Conhecimento da constru\u00e7\u00e3o de caixas subterr\u00e2neas.<\/li>\n<li>Conhecimento em procedimentos de seguran\u00e7a de constru\u00e7\u00e3o em campo (refer\u00eancia NR10 e 35)<\/li>\n<\/ul>\n<p>Escolaridade M\u00ednima: Ensino M\u00e9dio (2\u00ba Grau)<\/p>\n<p>Forma\u00e7\u00e3o desejada:<\/p>\n<ul>\n<li>Ensino M\u00e9dio (2\u00ba Grau)<\/li>\n<\/ul>\n<p>Habilita\u00e7\u00e3o para dirigir: B<\/p>\n<p>Disponibilidade para viajar<\/p>\n","protected":false},"excerpt":{"rendered":"<p>Somos a Randstad, l\u00edder global em solu\u00e7\u00f5es de Recursos Humanos. Unimos tecnologia e paix\u00e3o por pessoas para conectar talentos \u00e0s melhores oportunidades no mundo todo. Com mais de 65 anos de experi\u00eancia, presen\u00e7a em 39 pa\u00edses e uma equipe de 40.000 profissionais, ajudamos milh\u00f5es de pessoas a conquistar novos desafios e centenas de milhares de [&hellip;]<\/p>\n","protected":false},"author":1,"featured_media":0,"comment_status":"open","ping_status":"open","sticky":false,"template":"","format":"standard","meta":{"footnotes":""},"categories":[21],"tags":[],"class_list":["post-2642","post","type-post","status-publish","format-standard","hentry","category-rio-de-janeiro-rj"],"_links":{"self":[{"href":"https:\/\/vagas.portalemprego.com.br\/index.php?rest_route=\/wp\/v2\/posts\/2642","targetHints":{"allow":["GET"]}}],"collection":[{"href":"https:\/\/vagas.portalemprego.com.br\/index.php?rest_route=\/wp\/v2\/posts"}],"about":[{"href":"https:\/\/vagas.portalemprego.com.br\/index.php?rest_route=\/wp\/v2\/types\/post"}],"author":[{"embeddable":true,"href":"https:\/\/vagas.portalemprego.com.br\/index.php?rest_route=\/wp\/v2\/users\/1"}],"replies":[{"embeddable":true,"href":"https:\/\/vagas.portalemprego.com.br\/index.php?rest_route=%2Fwp%2Fv2%2Fcomments&post=2642"}],"version-history":[{"count":0,"href":"https:\/\/vagas.portalemprego.com.br\/index.php?rest_route=\/wp\/v2\/posts\/2642\/revisions"}],"wp:attachment":[{"href":"https:\/\/vagas.portalemprego.com.br\/index.php?rest_route=%2Fwp%2Fv2%2Fmedia&parent=2642"}],"wp:term":[{"taxonomy":"category","embeddable":true,"href":"https:\/\/vagas.portalemprego.com.br\/index.php?rest_route=%2Fwp%2Fv2%2Fcategories&post=2642"},{"taxonomy":"post_tag","embeddable":true,"href":"https:\/\/vagas.portalemprego.com.br\/index.php?rest_route=%2Fwp%2Fv2%2Ftags&post=2642"}],"curies":[{"name":"wp","href":"https:\/\/api.w.org\/{rel}","templated":true}]}}