{"id":2656,"date":"2026-04-29T06:33:33","date_gmt":"2026-04-29T09:33:33","guid":{"rendered":"https:\/\/vagas.portalemprego.com.br\/?p=2656"},"modified":"2026-04-29T06:33:33","modified_gmt":"2026-04-29T09:33:33","slug":"coletor-de-residuos-servicos-gerais-macae-2","status":"publish","type":"post","link":"https:\/\/vagas.portalemprego.com.br\/?p=2656","title":{"rendered":"COLETOR DE RESIDUOS &#8211; Servi\u00e7os Gerais &#8211; Maca\u00e9"},"content":{"rendered":"<p>Oportunidade: A TOP SERVICE SERVICOS E SISTEMAS S\/A est\u00e1 buscando um Coletor de Res\u00edduos para se juntar ao nosso time. Esta \u00e9 uma chance de fazer parte de uma empresa comprometida com a sustentabilidade e a gest\u00e3o eficiente de res\u00edduos.<br \/>\nFun\u00e7\u00f5es:<br \/>\nRealizar a coleta de res\u00edduos em locais espec\u00edficos<br \/>\nSeguir as normas de seguran\u00e7a e meio ambiente<br \/>\nColaborar com equipes para garantir a log\u00edstica de coleta<br \/>\nDocumentar e registrar a coleta de res\u00edduos<\/p>\n<p>Requisitos:<br \/>\nExperi\u00eancia em coleta de res\u00edduos<br \/>\nConhecimento em normas ambientais<br \/>\nCapacidade de trabalhar em equipe<\/p>\n<ul>\n<li>N\u00famero de vagas: 2<\/li>\n<li>Local de trabalho: Maca\u00e9, RJ<\/li>\n<li>Regime de contrata\u00e7\u00e3o de tipo: Efetivo \u2013 CLT<\/li>\n<li>Jornada: Per\u00edodo Integral<\/li>\n<li>\u00c1rea e especializa\u00e7\u00e3o profissional: Servi\u00e7os Gerais &#8211; Limpeza<\/li>\n<li>N\u00edvel hier\u00e1rquico: Auxiliar<\/li>\n<\/ul>\n<p>Escolaridade M\u00ednima: Ensino Fundamental (1\u00ba grau)<\/p>\n<p>Sal\u00e1rio: 1730,75<\/p>\n","protected":false},"excerpt":{"rendered":"<p>Oportunidade: A TOP SERVICE SERVICOS E SISTEMAS S\/A est\u00e1 buscando um Coletor de Res\u00edduos para se juntar ao nosso time. Esta \u00e9 uma chance de fazer parte de uma empresa comprometida com a sustentabilidade e a gest\u00e3o eficiente de res\u00edduos. Fun\u00e7\u00f5es: Realizar a coleta de res\u00edduos em locais espec\u00edficos Seguir as normas de seguran\u00e7a e [&hellip;]<\/p>\n","protected":false},"author":1,"featured_media":0,"comment_status":"open","ping_status":"open","sticky":false,"template":"","format":"standard","meta":{"footnotes":""},"categories":[21],"tags":[],"class_list":["post-2656","post","type-post","status-publish","format-standard","hentry","category-rio-de-janeiro-rj"],"_links":{"self":[{"href":"https:\/\/vagas.portalemprego.com.br\/index.php?rest_route=\/wp\/v2\/posts\/2656","targetHints":{"allow":["GET"]}}],"collection":[{"href":"https:\/\/vagas.portalemprego.com.br\/index.php?rest_route=\/wp\/v2\/posts"}],"about":[{"href":"https:\/\/vagas.portalemprego.com.br\/index.php?rest_route=\/wp\/v2\/types\/post"}],"author":[{"embeddable":true,"href":"https:\/\/vagas.portalemprego.com.br\/index.php?rest_route=\/wp\/v2\/users\/1"}],"replies":[{"embeddable":true,"href":"https:\/\/vagas.portalemprego.com.br\/index.php?rest_route=%2Fwp%2Fv2%2Fcomments&post=2656"}],"version-history":[{"count":0,"href":"https:\/\/vagas.portalemprego.com.br\/index.php?rest_route=\/wp\/v2\/posts\/2656\/revisions"}],"wp:attachment":[{"href":"https:\/\/vagas.portalemprego.com.br\/index.php?rest_route=%2Fwp%2Fv2%2Fmedia&parent=2656"}],"wp:term":[{"taxonomy":"category","embeddable":true,"href":"https:\/\/vagas.portalemprego.com.br\/index.php?rest_route=%2Fwp%2Fv2%2Fcategories&post=2656"},{"taxonomy":"post_tag","embeddable":true,"href":"https:\/\/vagas.portalemprego.com.br\/index.php?rest_route=%2Fwp%2Fv2%2Ftags&post=2656"}],"curies":[{"name":"wp","href":"https:\/\/api.w.org\/{rel}","templated":true}]}}