{"id":2660,"date":"2026-04-29T06:33:33","date_gmt":"2026-04-29T09:33:33","guid":{"rendered":"https:\/\/vagas.portalemprego.com.br\/?p=2660"},"modified":"2026-04-29T06:33:33","modified_gmt":"2026-04-29T09:33:33","slug":"lider-de-limpeza-servicos-gerais-rio-de-janeiro-9","status":"publish","type":"post","link":"https:\/\/vagas.portalemprego.com.br\/?p=2660","title":{"rendered":"L\u00edder de Limpeza &#8211; Servi\u00e7os Gerais &#8211; Rio de Janeiro"},"content":{"rendered":"<p>Monitorar e vistoriar diariamente a Equipe de Limpeza nas atividades da Empresa;<br \/>\nFiscalizar o Cronograma de atividades: Limpeza Di\u00e1rias\/Semanais\/Mensais\/Semestrais, etc;<br \/>\nOrientar e acompanhar o uso consciente de produtos qu\u00edmicos de Limpeza (identifica\u00e7\u00e3o);<br \/>\nOrientar e acompanhar o uso consciente de equipamentos e m\u00e1quinas;<br \/>\nRealizar controle de insumos e distribui\u00e7\u00e3o nos setores;<br \/>\nCumprir Normas de Seguran\u00e7a do Trabalho da BB e contratante: ASO\/Fichas de EPI\u00b4s atualizados;<br \/>\nMonitorar a Equipe: uniformes, acompanhando de ponto eletr\u00f4nico, faltas, atrasos, higiene e postura;<br \/>\nPedido de material junto ao Supervisor e Controle mensal de material;<br \/>\nCumprir os procedimentos e Normas de Trabalho da Empresa;<\/p>\n<p>Necess\u00e1rio experi\u00eancia em lideran\u00e7a.<br \/>\nExperi\u00eancia em mercados ser\u00e1 um diferencial.<br \/>\nDisponibilidade para escala 6&#215;1 13:40 as 22:00<br \/>\nResidir pr\u00f3ximo ao Largo do Machado &#8211; Catete &#8211; RJ<\/p>\n<ul>\n<li>Local de trabalho: Rio de Janeiro, RJ<\/li>\n<li>Regime de contrata\u00e7\u00e3o de tipo: Efetivo \u2013 CLT<\/li>\n<li>Jornada: Per\u00edodo Integral<\/li>\n<li>\u00c1rea e especializa\u00e7\u00e3o profissional: Servi\u00e7os Gerais &#8211; Limpeza<\/li>\n<li>N\u00edvel hier\u00e1rquico: Encarregado<\/li>\n<\/ul>\n<p>Escolaridade M\u00ednima: Ensino Fundamental (1\u00ba grau)<\/p>\n<ul>\n<li>Vale-transporte<\/li>\n<li>Vale-refei\u00e7\u00e3o<\/li>\n<\/ul>\n<p>Sal\u00e1rio: 1730,75<\/p>\n","protected":false},"excerpt":{"rendered":"<p>Monitorar e vistoriar diariamente a Equipe de Limpeza nas atividades da Empresa; Fiscalizar o Cronograma de atividades: Limpeza Di\u00e1rias\/Semanais\/Mensais\/Semestrais, etc; Orientar e acompanhar o uso consciente de produtos qu\u00edmicos de Limpeza (identifica\u00e7\u00e3o); Orientar e acompanhar o uso consciente de equipamentos e m\u00e1quinas; Realizar controle de insumos e distribui\u00e7\u00e3o nos setores; Cumprir Normas de Seguran\u00e7a do [&hellip;]<\/p>\n","protected":false},"author":1,"featured_media":0,"comment_status":"open","ping_status":"open","sticky":false,"template":"","format":"standard","meta":{"footnotes":""},"categories":[21],"tags":[],"class_list":["post-2660","post","type-post","status-publish","format-standard","hentry","category-rio-de-janeiro-rj"],"_links":{"self":[{"href":"https:\/\/vagas.portalemprego.com.br\/index.php?rest_route=\/wp\/v2\/posts\/2660","targetHints":{"allow":["GET"]}}],"collection":[{"href":"https:\/\/vagas.portalemprego.com.br\/index.php?rest_route=\/wp\/v2\/posts"}],"about":[{"href":"https:\/\/vagas.portalemprego.com.br\/index.php?rest_route=\/wp\/v2\/types\/post"}],"author":[{"embeddable":true,"href":"https:\/\/vagas.portalemprego.com.br\/index.php?rest_route=\/wp\/v2\/users\/1"}],"replies":[{"embeddable":true,"href":"https:\/\/vagas.portalemprego.com.br\/index.php?rest_route=%2Fwp%2Fv2%2Fcomments&post=2660"}],"version-history":[{"count":0,"href":"https:\/\/vagas.portalemprego.com.br\/index.php?rest_route=\/wp\/v2\/posts\/2660\/revisions"}],"wp:attachment":[{"href":"https:\/\/vagas.portalemprego.com.br\/index.php?rest_route=%2Fwp%2Fv2%2Fmedia&parent=2660"}],"wp:term":[{"taxonomy":"category","embeddable":true,"href":"https:\/\/vagas.portalemprego.com.br\/index.php?rest_route=%2Fwp%2Fv2%2Fcategories&post=2660"},{"taxonomy":"post_tag","embeddable":true,"href":"https:\/\/vagas.portalemprego.com.br\/index.php?rest_route=%2Fwp%2Fv2%2Ftags&post=2660"}],"curies":[{"name":"wp","href":"https:\/\/api.w.org\/{rel}","templated":true}]}}