{"id":2661,"date":"2026-04-29T06:33:33","date_gmt":"2026-04-29T09:33:33","guid":{"rendered":"https:\/\/vagas.portalemprego.com.br\/?p=2661"},"modified":"2026-04-29T06:33:33","modified_gmt":"2026-04-29T09:33:33","slug":"jovem-aprendiz-administrativo-administracao-rio-de-janeiro","status":"publish","type":"post","link":"https:\/\/vagas.portalemprego.com.br\/?p=2661","title":{"rendered":"Jovem Aprendiz Administrativo &#8211; Administra\u00e7\u00e3o &#8211; Rio de Janeiro"},"content":{"rendered":"<p>Se voc\u00ea est\u00e1 em busca da sua primeira oportunidade profissional e quer iniciar sua carreira em um ambiente organizado, acolhedor e com oportunidade de aprendizado, essa vaga \u00e9 para voc\u00ea! A Vigban est\u00e1 em busca de um(a) Jovem Aprendiz Administrativo para apoiar as rotinas do setor e desenvolver habilidades importantes para o mercado de trabalho.<br \/>\nInforma\u00e7\u00f5es da vaga:<br \/>\n Local de trabalho: Rio Comprido \u2013 RJ<br \/>\n Carga hor\u00e1ria: 4h por dia (manh\u00e3 ou tarde), curso 1x na semana<br \/>\n Sal\u00e1rio: R$ 761,55<br \/>\n Benef\u00edcios: Vale Transporte<br \/>\nDescri\u00e7\u00e3o do cargo \/ Responsabilidades:<br \/>\nApoiar nas rotinas administrativas, realizando digita\u00e7\u00e3o e atualiza\u00e7\u00e3o de planilhas;<br \/>\nVerificar documentos, conferindo dados, informa\u00e7\u00f5es e datas;<br \/>\nRealizar cadastros em sistemas e manter registros atualizados;<br \/>\nOrganizar, controlar e administrar arquivos f\u00edsicos e digitais;<br \/>\nLocalizar processos e documentos quando solicitado;<br \/>\nSolicitar informa\u00e7\u00f5es e realizar pesquisas de dados para apoio \u00e0s atividades do setor;<br \/>\nAtender colaboradores, prestando suporte nas demandas administrativas;<br \/>\nImprimir e organizar formul\u00e1rios e documentos diversos.<br \/>\nForma\u00e7\u00e3o e experi\u00eancias desej\u00e1veis:<br \/>\nEnsino M\u00e9dio completo;<br \/>\nDisponibilidade de hor\u00e1rios;<br \/>\nConhecimentos b\u00e1sicos em inform\u00e1tica e Pacote Office;<br \/>\nInteresse em desenvolver habilidades na \u00e1rea administrativa;<br \/>\nN\u00e3o \u00e9 necess\u00e1rio experi\u00eancia anterior.<br \/>\nCaracter\u00edsticas comportamentais e\/ou Informa\u00e7\u00f5es adicionais da vaga:<br \/>\nBoa comunica\u00e7\u00e3o e relacionamento interpessoal;<br \/>\nOrganiza\u00e7\u00e3o, aten\u00e7\u00e3o aos detalhes e senso de responsabilidade;<br \/>\nProatividade, dinamismo e iniciativa;<br \/>\nFacilidade para trabalho em equipe;<br \/>\nEmpatia e habilidade para lidar com diferentes situa\u00e7\u00f5es no ambiente de trabalho.<\/p>\n<ul>\n<li>N\u00famero de vagas: 10<\/li>\n<li>Local de trabalho: Rio de Janeiro, RJ<\/li>\n<li>Regime de contrata\u00e7\u00e3o de tipo: Jovem Aprendiz<\/li>\n<li>Jornada: Parcial manh\u00e3s<\/li>\n<li>\u00c1rea e especializa\u00e7\u00e3o profissional: Administra\u00e7\u00e3o &#8211; Administra\u00e7\u00e3o Geral<\/li>\n<li>N\u00edvel hier\u00e1rquico: Auxiliar<\/li>\n<\/ul>\n<p>VALORIZADO<\/p>\n<p>Tempo de experi\u00eancia: Sem experi\u00eancia<\/p>\n<p>HABILIDADES<\/p>\n<ul>\n<li>Adaptabilidade<\/li>\n<li>Assertividade<\/li>\n<li>Empatia<\/li>\n<li>Aten\u00e7\u00e3o aos detalhes<\/li>\n<li>Iniciativa<\/li>\n<li>Proatividade<\/li>\n<li>Boa comunica\u00e7\u00e3o<\/li>\n<li>Organiza\u00e7\u00e3o<\/li>\n<li>Trabalho em equipe<\/li>\n<li>Dinamismo<\/li>\n<\/ul>\n<p>Escolaridade M\u00ednima: Ensino M\u00e9dio (2\u00ba Grau)<\/p>\n<p>Forma\u00e7\u00e3o desejada:<\/p>\n<ul>\n<li>Ensino M\u00e9dio (2\u00ba Grau)<\/li>\n<\/ul>\n<ul>\n<li>Vale Transporte<\/li>\n<\/ul>\n<p>Sal\u00e1rio: 761,55<\/p>\n","protected":false},"excerpt":{"rendered":"<p>Se voc\u00ea est\u00e1 em busca da sua primeira oportunidade profissional e quer iniciar sua carreira em um ambiente organizado, acolhedor e com oportunidade de aprendizado, essa vaga \u00e9 para voc\u00ea! A Vigban est\u00e1 em busca de um(a) Jovem Aprendiz Administrativo para apoiar as rotinas do setor e desenvolver habilidades importantes para o mercado de trabalho. [&hellip;]<\/p>\n","protected":false},"author":1,"featured_media":0,"comment_status":"open","ping_status":"open","sticky":false,"template":"","format":"standard","meta":{"footnotes":""},"categories":[21],"tags":[],"class_list":["post-2661","post","type-post","status-publish","format-standard","hentry","category-rio-de-janeiro-rj"],"_links":{"self":[{"href":"https:\/\/vagas.portalemprego.com.br\/index.php?rest_route=\/wp\/v2\/posts\/2661","targetHints":{"allow":["GET"]}}],"collection":[{"href":"https:\/\/vagas.portalemprego.com.br\/index.php?rest_route=\/wp\/v2\/posts"}],"about":[{"href":"https:\/\/vagas.portalemprego.com.br\/index.php?rest_route=\/wp\/v2\/types\/post"}],"author":[{"embeddable":true,"href":"https:\/\/vagas.portalemprego.com.br\/index.php?rest_route=\/wp\/v2\/users\/1"}],"replies":[{"embeddable":true,"href":"https:\/\/vagas.portalemprego.com.br\/index.php?rest_route=%2Fwp%2Fv2%2Fcomments&post=2661"}],"version-history":[{"count":0,"href":"https:\/\/vagas.portalemprego.com.br\/index.php?rest_route=\/wp\/v2\/posts\/2661\/revisions"}],"wp:attachment":[{"href":"https:\/\/vagas.portalemprego.com.br\/index.php?rest_route=%2Fwp%2Fv2%2Fmedia&parent=2661"}],"wp:term":[{"taxonomy":"category","embeddable":true,"href":"https:\/\/vagas.portalemprego.com.br\/index.php?rest_route=%2Fwp%2Fv2%2Fcategories&post=2661"},{"taxonomy":"post_tag","embeddable":true,"href":"https:\/\/vagas.portalemprego.com.br\/index.php?rest_route=%2Fwp%2Fv2%2Ftags&post=2661"}],"curies":[{"name":"wp","href":"https:\/\/api.w.org\/{rel}","templated":true}]}}