{"id":2925,"date":"2026-04-29T06:27:27","date_gmt":"2026-04-29T09:27:27","guid":{"rendered":"https:\/\/vagas.portalemprego.com.br\/?p=2925"},"modified":"2026-04-29T06:27:27","modified_gmt":"2026-04-29T09:27:27","slug":"auxiliar-de-cozinha-alimentacao-gastronomia-rio-de-janeiro-14","status":"publish","type":"post","link":"https:\/\/vagas.portalemprego.com.br\/?p=2925","title":{"rendered":"Auxiliar de Cozinha &#8211; Alimenta\u00e7\u00e3o \/ Gastronomia &#8211; Rio de Janeiro"},"content":{"rendered":"<p>Vaga:\u00a0Auxiliar\u00a0de\u00a0Cozinha\u00a0Industrial<br \/>\nAtividades:<br \/>\nAuxiliar\u00a0no\u00a0preparo\u00a0das\u00a0refei\u00e7\u00f5es\u00a0em\u00a0grande\u00a0escala<br \/>\nHigieniza\u00e7\u00e3o\u00a0e\u00a0organiza\u00e7\u00e3o\u00a0da\u00a0cozinha,\u00a0utens\u00edlios\u00a0e\u00a0equipamentos<br \/>\nApoio\u00a0no\u00a0pr\u00e9-preparo\u00a0de\u00a0alimentos\u00a0(cortes,\u00a0porcionamento,\u00a0montagem)<br \/>\nCumprimento\u00a0das\u00a0normas\u00a0de\u00a0higiene,\u00a0seguran\u00e7a\u00a0alimentar\u00a0e\u00a0boas\u00a0pr\u00e1ticas<br \/>\nApoio\u00a0geral\u00a0\u00e0\u00a0equipe\u00a0de\u00a0cozinha\u00a0conforme\u00a0demanda<br \/>\nRequisitos:<br \/>\nAmpla\u00a0experi\u00eancia\u00a0comprovada\u00a0em\u00a0cozinha\u00a0industrial<br \/>\nConhecimento\u00a0em\u00a0boas\u00a0pr\u00e1ticas\u00a0de\u00a0manipula\u00e7\u00e3o\u00a0de\u00a0alimentos<br \/>\nAgilidade,\u00a0organiza\u00e7\u00e3o\u00a0e\u00a0trabalho\u00a0em\u00a0equipe<br \/>\nDisponibilidade\u00a0total\u00a0de\u00a0hor\u00e1rio\u00a0(inclusive\u00a0finais\u00a0de\u00a0semana\u00a0e\u00a0feriados,\u00a0se\u00a0necess\u00e1rio)<br \/>\nResidir\u00a0em\u00a0Adrian\u00f3polis\u00a0ou\u00a0regi\u00f5es\u00a0pr\u00f3ximas<br \/>\nPerfil\u00a0desejado:<br \/>\nRespons\u00e1vel\u00a0e\u00a0comprometido<br \/>\nProativo\u00a0e\u00a0com\u00a0bom\u00a0relacionamento\u00a0interpessoal<br \/>\nCapacidade\u00a0de\u00a0trabalhar\u00a0sob\u00a0press\u00e3o\u00a0e\u00a0com\u00a0alto\u00a0volume\u00a0de\u00a0produ\u00e7\u00e3o<br \/>\nOferecemos:<br \/>\nSal\u00e1rio\u00a0compat\u00edvel\u00a0com\u00a0a\u00a0fun\u00e7\u00e3o<br \/>\nBenef\u00edcios\u00a0conforme\u00a0pol\u00edtica\u00a0da\u00a0empresa<br \/>\nAmbiente\u00a0de\u00a0trabalho\u00a0estruturado\u00a0e\u00a0com\u00a0possibilidade\u00a0de\u00a0crescimento<\/p>\n<ul>\n<li>N\u00famero de vagas: 2<\/li>\n<li>Local de trabalho: Rio de Janeiro, RJ<\/li>\n<li>Regime de contrata\u00e7\u00e3o de tipo: Efetivo \u2013 CLT<\/li>\n<li>Jornada: Per\u00edodo Integral<\/li>\n<li>\u00c1rea e especializa\u00e7\u00e3o profissional: Alimenta\u00e7\u00e3o \/ Gastronomia &#8211; Cozinha<\/li>\n<li>N\u00edvel hier\u00e1rquico: Auxiliar<\/li>\n<\/ul>\n<p>VALORIZADO<\/p>\n<p>Tempo de experi\u00eancia: Entre 1 e 3 anos<\/p>\n<p>Escolaridade M\u00ednima: Ensino M\u00e9dio (2\u00ba Grau)<\/p>\n","protected":false},"excerpt":{"rendered":"<p>Vaga:\u00a0Auxiliar\u00a0de\u00a0Cozinha\u00a0Industrial Atividades: Auxiliar\u00a0no\u00a0preparo\u00a0das\u00a0refei\u00e7\u00f5es\u00a0em\u00a0grande\u00a0escala Higieniza\u00e7\u00e3o\u00a0e\u00a0organiza\u00e7\u00e3o\u00a0da\u00a0cozinha,\u00a0utens\u00edlios\u00a0e\u00a0equipamentos Apoio\u00a0no\u00a0pr\u00e9-preparo\u00a0de\u00a0alimentos\u00a0(cortes,\u00a0porcionamento,\u00a0montagem) Cumprimento\u00a0das\u00a0normas\u00a0de\u00a0higiene,\u00a0seguran\u00e7a\u00a0alimentar\u00a0e\u00a0boas\u00a0pr\u00e1ticas Apoio\u00a0geral\u00a0\u00e0\u00a0equipe\u00a0de\u00a0cozinha\u00a0conforme\u00a0demanda Requisitos: Ampla\u00a0experi\u00eancia\u00a0comprovada\u00a0em\u00a0cozinha\u00a0industrial Conhecimento\u00a0em\u00a0boas\u00a0pr\u00e1ticas\u00a0de\u00a0manipula\u00e7\u00e3o\u00a0de\u00a0alimentos Agilidade,\u00a0organiza\u00e7\u00e3o\u00a0e\u00a0trabalho\u00a0em\u00a0equipe Disponibilidade\u00a0total\u00a0de\u00a0hor\u00e1rio\u00a0(inclusive\u00a0finais\u00a0de\u00a0semana\u00a0e\u00a0feriados,\u00a0se\u00a0necess\u00e1rio) Residir\u00a0em\u00a0Adrian\u00f3polis\u00a0ou\u00a0regi\u00f5es\u00a0pr\u00f3ximas Perfil\u00a0desejado: Respons\u00e1vel\u00a0e\u00a0comprometido Proativo\u00a0e\u00a0com\u00a0bom\u00a0relacionamento\u00a0interpessoal Capacidade\u00a0de\u00a0trabalhar\u00a0sob\u00a0press\u00e3o\u00a0e\u00a0com\u00a0alto\u00a0volume\u00a0de\u00a0produ\u00e7\u00e3o Oferecemos: Sal\u00e1rio\u00a0compat\u00edvel\u00a0com\u00a0a\u00a0fun\u00e7\u00e3o Benef\u00edcios\u00a0conforme\u00a0pol\u00edtica\u00a0da\u00a0empresa Ambiente\u00a0de\u00a0trabalho\u00a0estruturado\u00a0e\u00a0com\u00a0possibilidade\u00a0de\u00a0crescimento N\u00famero de vagas: 2 Local de trabalho: Rio de Janeiro, RJ Regime de contrata\u00e7\u00e3o de tipo: Efetivo \u2013 CLT Jornada: Per\u00edodo Integral \u00c1rea e especializa\u00e7\u00e3o profissional: Alimenta\u00e7\u00e3o \/ Gastronomia &#8211; Cozinha N\u00edvel hier\u00e1rquico: Auxiliar [&hellip;]<\/p>\n","protected":false},"author":1,"featured_media":0,"comment_status":"open","ping_status":"open","sticky":false,"template":"","format":"standard","meta":{"footnotes":""},"categories":[21],"tags":[],"class_list":["post-2925","post","type-post","status-publish","format-standard","hentry","category-rio-de-janeiro-rj"],"_links":{"self":[{"href":"https:\/\/vagas.portalemprego.com.br\/index.php?rest_route=\/wp\/v2\/posts\/2925","targetHints":{"allow":["GET"]}}],"collection":[{"href":"https:\/\/vagas.portalemprego.com.br\/index.php?rest_route=\/wp\/v2\/posts"}],"about":[{"href":"https:\/\/vagas.portalemprego.com.br\/index.php?rest_route=\/wp\/v2\/types\/post"}],"author":[{"embeddable":true,"href":"https:\/\/vagas.portalemprego.com.br\/index.php?rest_route=\/wp\/v2\/users\/1"}],"replies":[{"embeddable":true,"href":"https:\/\/vagas.portalemprego.com.br\/index.php?rest_route=%2Fwp%2Fv2%2Fcomments&post=2925"}],"version-history":[{"count":0,"href":"https:\/\/vagas.portalemprego.com.br\/index.php?rest_route=\/wp\/v2\/posts\/2925\/revisions"}],"wp:attachment":[{"href":"https:\/\/vagas.portalemprego.com.br\/index.php?rest_route=%2Fwp%2Fv2%2Fmedia&parent=2925"}],"wp:term":[{"taxonomy":"category","embeddable":true,"href":"https:\/\/vagas.portalemprego.com.br\/index.php?rest_route=%2Fwp%2Fv2%2Fcategories&post=2925"},{"taxonomy":"post_tag","embeddable":true,"href":"https:\/\/vagas.portalemprego.com.br\/index.php?rest_route=%2Fwp%2Fv2%2Ftags&post=2925"}],"curies":[{"name":"wp","href":"https:\/\/api.w.org\/{rel}","templated":true}]}}