{"id":2929,"date":"2026-04-29T06:27:27","date_gmt":"2026-04-29T09:27:27","guid":{"rendered":"https:\/\/vagas.portalemprego.com.br\/?p=2929"},"modified":"2026-04-29T06:27:27","modified_gmt":"2026-04-29T09:27:27","slug":"estoquista-shopping-tijuca-comercial-vendas-rio-de-janeiro","status":"publish","type":"post","link":"https:\/\/vagas.portalemprego.com.br\/?p=2929","title":{"rendered":"Estoquista &#8211; Shopping Tijuca &#8211; Comercial, Vendas &#8211; Rio de Janeiro"},"content":{"rendered":"<p>Voc\u00ea\u00a0gosta\u00a0de\u00a0moda,\u00a0tem\u00a0energia\u00a0e\u00a0alto\u00a0astral?\u00a0Venha\u00a0fazer\u00a0parte\u00a0do\u00a0nosso\u00a0time\u00a0de\u00a0sucesso!<br \/>\nEstoquista\u00a0&#8211;\u00a0Shopping\u00a0Tijuca<\/p>\n<p>REQUISITOS\u00a0E\u00a0QUALIFICA\u00c7\u00d5ES:<br \/>\n&#8211;\u00a0Motiva\u00e7\u00e3o\u00a0por\u00a0desafios\u00a0e\u00a0foco\u00a0em\u00a0resultado;<br \/>\n&#8211;\u00a0Aten\u00e7\u00e3o\u00a0e\u00a0concentra\u00e7\u00e3o;<br \/>\n&#8211;\u00a0Ter\u00a0experi\u00eancia\u00a0com\u00a0estoquista;<br \/>\n&#8211;\u00a0Ser\u00a0maior\u00a0de\u00a018\u00a0anos.<br \/>\n&#8211;\u00a0Ter\u00a0Ensino\u00a0M\u00e9dio\u00a0Completo.<\/p>\n<p>RESPONSABILIDADES\u00a0E\u00a0ATRIBUI\u00c7\u00d5ES:<br \/>\n&#8211;\u00a0Recebimento\u00a0dos\u00a0produtos;<br \/>\n&#8211;\u00a0Organiza\u00e7\u00e3o\u00a0de\u00a0estoque;<br \/>\n&#8211;\u00a0Confer\u00eancia\u00a0e\u00a0contagem\u00a0de\u00a0pe\u00e7as.<\/p>\n<p>Benef\u00edcios:<br \/>\n*\u00a0Vale\u00a0Transporte<br \/>\n*\u00a0Cart\u00e3o\u00a0Flex\u00edvel\u00a0(VR\/VA);<br \/>\n*\u00a0Assist\u00eancia\u00a0M\u00e9dica\u00a0ap\u00f3s\u00a0per\u00edodo\u00a0de\u00a0experi\u00eancia;<br \/>\n*\u00a0Assist\u00eancia\u00a0Odontol\u00f3gica\u00a0ap\u00f3s\u00a0per\u00edodo\u00a0de\u00a0experi\u00eancia;<br \/>\n*\u00a0Descontos\u00a0para\u00a0compra\u00a0na\u00a0loja\u00a0ap\u00f3s\u00a0o\u00a0per\u00edodo\u00a0de\u00a0experi\u00eancia;<br \/>\n*\u00a0Conv\u00eanio\u00a0com\u00a0institui\u00e7\u00f5es\u00a0de\u00a0Ensino;<br \/>\n*\u00a0TotalPass.<\/p>\n<ul>\n<li>Local de trabalho: Rio de Janeiro, RJ<\/li>\n<li>Regime de contrata\u00e7\u00e3o de tipo: Efetivo \u2013 CLT<\/li>\n<li>Jornada: Per\u00edodo Integral<\/li>\n<li>\u00c1rea e especializa\u00e7\u00e3o profissional: Comercial, Vendas &#8211; Lojas \/ Shopping<\/li>\n<li>N\u00edvel hier\u00e1rquico: Operacional<\/li>\n<\/ul>\n<p>Escolaridade M\u00ednima: Ensino M\u00e9dio (2\u00ba Grau)<\/p>\n<p>Sal\u00e1rio: 2000,0<\/p>\n","protected":false},"excerpt":{"rendered":"<p>Voc\u00ea\u00a0gosta\u00a0de\u00a0moda,\u00a0tem\u00a0energia\u00a0e\u00a0alto\u00a0astral?\u00a0Venha\u00a0fazer\u00a0parte\u00a0do\u00a0nosso\u00a0time\u00a0de\u00a0sucesso! Estoquista\u00a0&#8211;\u00a0Shopping\u00a0Tijuca REQUISITOS\u00a0E\u00a0QUALIFICA\u00c7\u00d5ES: &#8211;\u00a0Motiva\u00e7\u00e3o\u00a0por\u00a0desafios\u00a0e\u00a0foco\u00a0em\u00a0resultado; &#8211;\u00a0Aten\u00e7\u00e3o\u00a0e\u00a0concentra\u00e7\u00e3o; &#8211;\u00a0Ter\u00a0experi\u00eancia\u00a0com\u00a0estoquista; &#8211;\u00a0Ser\u00a0maior\u00a0de\u00a018\u00a0anos. &#8211;\u00a0Ter\u00a0Ensino\u00a0M\u00e9dio\u00a0Completo. RESPONSABILIDADES\u00a0E\u00a0ATRIBUI\u00c7\u00d5ES: &#8211;\u00a0Recebimento\u00a0dos\u00a0produtos; &#8211;\u00a0Organiza\u00e7\u00e3o\u00a0de\u00a0estoque; &#8211;\u00a0Confer\u00eancia\u00a0e\u00a0contagem\u00a0de\u00a0pe\u00e7as. Benef\u00edcios: *\u00a0Vale\u00a0Transporte *\u00a0Cart\u00e3o\u00a0Flex\u00edvel\u00a0(VR\/VA); *\u00a0Assist\u00eancia\u00a0M\u00e9dica\u00a0ap\u00f3s\u00a0per\u00edodo\u00a0de\u00a0experi\u00eancia; *\u00a0Assist\u00eancia\u00a0Odontol\u00f3gica\u00a0ap\u00f3s\u00a0per\u00edodo\u00a0de\u00a0experi\u00eancia; *\u00a0Descontos\u00a0para\u00a0compra\u00a0na\u00a0loja\u00a0ap\u00f3s\u00a0o\u00a0per\u00edodo\u00a0de\u00a0experi\u00eancia; *\u00a0Conv\u00eanio\u00a0com\u00a0institui\u00e7\u00f5es\u00a0de\u00a0Ensino; *\u00a0TotalPass. Local de trabalho: Rio de Janeiro, RJ Regime de contrata\u00e7\u00e3o de tipo: Efetivo \u2013 CLT Jornada: Per\u00edodo Integral \u00c1rea e especializa\u00e7\u00e3o profissional: Comercial, Vendas &#8211; Lojas \/ Shopping N\u00edvel hier\u00e1rquico: Operacional Escolaridade M\u00ednima: Ensino M\u00e9dio [&hellip;]<\/p>\n","protected":false},"author":1,"featured_media":0,"comment_status":"open","ping_status":"open","sticky":false,"template":"","format":"standard","meta":{"footnotes":""},"categories":[21],"tags":[],"class_list":["post-2929","post","type-post","status-publish","format-standard","hentry","category-rio-de-janeiro-rj"],"_links":{"self":[{"href":"https:\/\/vagas.portalemprego.com.br\/index.php?rest_route=\/wp\/v2\/posts\/2929","targetHints":{"allow":["GET"]}}],"collection":[{"href":"https:\/\/vagas.portalemprego.com.br\/index.php?rest_route=\/wp\/v2\/posts"}],"about":[{"href":"https:\/\/vagas.portalemprego.com.br\/index.php?rest_route=\/wp\/v2\/types\/post"}],"author":[{"embeddable":true,"href":"https:\/\/vagas.portalemprego.com.br\/index.php?rest_route=\/wp\/v2\/users\/1"}],"replies":[{"embeddable":true,"href":"https:\/\/vagas.portalemprego.com.br\/index.php?rest_route=%2Fwp%2Fv2%2Fcomments&post=2929"}],"version-history":[{"count":0,"href":"https:\/\/vagas.portalemprego.com.br\/index.php?rest_route=\/wp\/v2\/posts\/2929\/revisions"}],"wp:attachment":[{"href":"https:\/\/vagas.portalemprego.com.br\/index.php?rest_route=%2Fwp%2Fv2%2Fmedia&parent=2929"}],"wp:term":[{"taxonomy":"category","embeddable":true,"href":"https:\/\/vagas.portalemprego.com.br\/index.php?rest_route=%2Fwp%2Fv2%2Fcategories&post=2929"},{"taxonomy":"post_tag","embeddable":true,"href":"https:\/\/vagas.portalemprego.com.br\/index.php?rest_route=%2Fwp%2Fv2%2Ftags&post=2929"}],"curies":[{"name":"wp","href":"https:\/\/api.w.org\/{rel}","templated":true}]}}