{"id":2930,"date":"2026-04-29T06:27:27","date_gmt":"2026-04-29T09:27:27","guid":{"rendered":"https:\/\/vagas.portalemprego.com.br\/?p=2930"},"modified":"2026-04-29T06:27:27","modified_gmt":"2026-04-29T09:27:27","slug":"coordenadora-de-marketing-pj-marketing-rio-de-janeiro","status":"publish","type":"post","link":"https:\/\/vagas.portalemprego.com.br\/?p=2930","title":{"rendered":"COORDENADOR(A) DE MARKETING (PJ) &#8211; Marketing &#8211; Rio de Janeiro"},"content":{"rendered":"<p>Coordenador(a) de Marketing (PJ)<\/p>\n<p>Sobre a oportunidade:<br \/>\nBuscamos um(a) Coordenador(a) de Marketing com vis\u00e3o estrat\u00e9gica e perfil executor, capaz de estruturar, liderar e escalar as iniciativas de marketing da empresa. Essa posi\u00e7\u00e3o ter\u00e1 papel central na constru\u00e7\u00e3o de posicionamento de marca, gera\u00e7\u00e3o de demanda e organiza\u00e7\u00e3o dos processos da \u00e1rea, atuando de forma integrada com o comercial e demais \u00e1reas do neg\u00f3cio. Se voc\u00ea gosta de transformar estrat\u00e9gia em execu\u00e7\u00e3o, tem senso de dono e busca construir algo relevante, essa oportunidade \u00e9 para voc\u00ea.<\/p>\n<p>Seu impacto aqui:<br \/>\nEstruturar e liderar o planejamento de marketing, alinhado aos objetivos estrat\u00e9gicos da empresa.<br \/>\nDesenvolver e executar estrat\u00e9gias de gera\u00e7\u00e3o de demanda (inbound, outbound e digital), com foco em oportunidades qualificadas e gera\u00e7\u00e3o de pipeline.<br \/>\nPlanejar e otimizar campanhas e a\u00e7\u00f5es de marketing, acompanhando o desempenho ao longo do funil e impulsionando convers\u00e3o.<br \/>\nFortalecer o posicionamento da marca e presen\u00e7a digital, ampliando alcance, autoridade e consist\u00eancia nos canais.<br \/>\nGerenciar investimentos e a\u00e7\u00f5es de marketing (incluindo eventos e ativa\u00e7\u00f5es), garantindo efici\u00eancia e retorno.<br \/>\nEstruturar e evoluir processos, rotinas e ferramentas da \u00e1rea, assegurando organiza\u00e7\u00e3o, previsibilidade e execu\u00e7\u00e3o dentro dos prazos.<br \/>\nGerar an\u00e1lises e relat\u00f3rios de desempenho, apoiando a tomada de decis\u00e3o e direcionamento das estrat\u00e9gias.<br \/>\nCoordenar a estrat\u00e9gia com ag\u00eancias, parceiros e profissionais de apoio, assegurando qualidade, alinhamento e cumprimento de prazos.<\/p>\n<p>O que buscamos:<br \/>\nExperi\u00eancia pr\u00e9via em marketing, com atua\u00e7\u00e3o em posi\u00e7\u00f5es de lideran\u00e7a ou coordena\u00e7\u00e3o.<br \/>\nGradua\u00e7\u00e3o em Marketing, Publicidade e Propaganda ou \u00e1reas correlatas.<br \/>\nViv\u00eancia com estrat\u00e9gias de gera\u00e7\u00e3o de demanda e marketing digital.<br \/>\nExperi\u00eancia com gest\u00e3o de campanhas, indicadores e performance.<br \/>\nExperi\u00eancia em empresas B2B ou ambientes orientados a projetos. (desej\u00e1vel).<br \/>\nIMPORTANTE: Disponibilidade para atuar PRESENCIALMENTE em Vargem Pequena\/RJ.<\/p>\n<p>Compet\u00eancias-chave:<br \/>\nVis\u00e3o estrat\u00e9gica com foco em resultado<br \/>\n Esp\u00edrito empreendedor e protagonismo<br \/>\n Capacidade de execu\u00e7\u00e3o e prioriza\u00e7\u00e3o<br \/>\n Comunica\u00e7\u00e3o e influ\u00eancia<br \/>\n Organiza\u00e7\u00e3o e gest\u00e3o de processos<\/p>\n<ul>\n<li>Local de trabalho: Rio de Janeiro, RJ<\/li>\n<li>Regime de contrata\u00e7\u00e3o de tipo: Prestador de Servi\u00e7os (PJ)<\/li>\n<li>Jornada: Per\u00edodo Integral<\/li>\n<li>\u00c1rea e especializa\u00e7\u00e3o profissional: Marketing &#8211; Marketing<\/li>\n<li>N\u00edvel hier\u00e1rquico: Coordenador<\/li>\n<\/ul>\n<p>HABILIDADES<\/p>\n<ul>\n<li>Vis\u00e3o estrat\u00e9gica<\/li>\n<li>Marketing inbound<\/li>\n<li>Marketing digital<\/li>\n<li>Branding<\/li>\n<li>Capacidade de coordena\u00e7\u00e3o<\/li>\n<li>Estrat\u00e9gias de marketing<\/li>\n<li>Plano de marketing<\/li>\n<li>Marketing<\/li>\n<\/ul>\n<p>Escolaridade M\u00ednima: Ensino Superior<\/p>\n<p>Sal\u00e1rio: 8000,0<\/p>\n","protected":false},"excerpt":{"rendered":"<p>Coordenador(a) de Marketing (PJ) Sobre a oportunidade: Buscamos um(a) Coordenador(a) de Marketing com vis\u00e3o estrat\u00e9gica e perfil executor, capaz de estruturar, liderar e escalar as iniciativas de marketing da empresa. Essa posi\u00e7\u00e3o ter\u00e1 papel central na constru\u00e7\u00e3o de posicionamento de marca, gera\u00e7\u00e3o de demanda e organiza\u00e7\u00e3o dos processos da \u00e1rea, atuando de forma integrada com [&hellip;]<\/p>\n","protected":false},"author":1,"featured_media":0,"comment_status":"open","ping_status":"open","sticky":false,"template":"","format":"standard","meta":{"footnotes":""},"categories":[21],"tags":[],"class_list":["post-2930","post","type-post","status-publish","format-standard","hentry","category-rio-de-janeiro-rj"],"_links":{"self":[{"href":"https:\/\/vagas.portalemprego.com.br\/index.php?rest_route=\/wp\/v2\/posts\/2930","targetHints":{"allow":["GET"]}}],"collection":[{"href":"https:\/\/vagas.portalemprego.com.br\/index.php?rest_route=\/wp\/v2\/posts"}],"about":[{"href":"https:\/\/vagas.portalemprego.com.br\/index.php?rest_route=\/wp\/v2\/types\/post"}],"author":[{"embeddable":true,"href":"https:\/\/vagas.portalemprego.com.br\/index.php?rest_route=\/wp\/v2\/users\/1"}],"replies":[{"embeddable":true,"href":"https:\/\/vagas.portalemprego.com.br\/index.php?rest_route=%2Fwp%2Fv2%2Fcomments&post=2930"}],"version-history":[{"count":0,"href":"https:\/\/vagas.portalemprego.com.br\/index.php?rest_route=\/wp\/v2\/posts\/2930\/revisions"}],"wp:attachment":[{"href":"https:\/\/vagas.portalemprego.com.br\/index.php?rest_route=%2Fwp%2Fv2%2Fmedia&parent=2930"}],"wp:term":[{"taxonomy":"category","embeddable":true,"href":"https:\/\/vagas.portalemprego.com.br\/index.php?rest_route=%2Fwp%2Fv2%2Fcategories&post=2930"},{"taxonomy":"post_tag","embeddable":true,"href":"https:\/\/vagas.portalemprego.com.br\/index.php?rest_route=%2Fwp%2Fv2%2Ftags&post=2930"}],"curies":[{"name":"wp","href":"https:\/\/api.w.org\/{rel}","templated":true}]}}