{"id":2932,"date":"2026-04-29T06:28:28","date_gmt":"2026-04-29T09:28:28","guid":{"rendered":"https:\/\/vagas.portalemprego.com.br\/?p=2932"},"modified":"2026-04-29T06:28:28","modified_gmt":"2026-04-29T09:28:28","slug":"inspetor-de-servicos-servicos-gerais-rio-de-janeiro","status":"publish","type":"post","link":"https:\/\/vagas.portalemprego.com.br\/?p=2932","title":{"rendered":"INSPETOR DE SERVI\u00c7OS &#8211; Servi\u00e7os Gerais &#8211; Rio de Janeiro"},"content":{"rendered":"<p>Oportunidade: A TOP SERVICE SERVICOS E SISTEMAS S\/A est\u00e1 abrindo uma vaga para o cargo de Inspetor de Servi\u00e7os. Se voc\u00ea busca um ambiente de trabalho din\u00e2mico e uma oportunidade de crescimento profissional, esta \u00e9 a chance ideal.<br \/>\nFun\u00e7\u00f5es:<br \/>\nGerenciar e coordenar as atividades de manuten\u00e7\u00e3o e inspe\u00e7\u00e3o dos servi\u00e7os prestados<br \/>\nAcompanhar a execu\u00e7\u00e3o dos servi\u00e7os, garantindo a qualidade e conformidade com os padr\u00f5es estabelecidos<br \/>\nRealizar auditorias e relat\u00f3rios de inspe\u00e7\u00e3o, identificando \u00e1reas de melhoria<br \/>\nColaborar com equipes t\u00e9cnicas para solucionar problemas e otimizar processos<\/p>\n<p>Requisitos:<br \/>\nExperi\u00eancia em inspe\u00e7\u00e3o e manuten\u00e7\u00e3o de servi\u00e7os t\u00e9cnicos<br \/>\nInspecionar o time que atua na conserva\u00e7\u00e3o do parque<br \/>\nHabilidade para trabalhar em equipe e comunica\u00e7\u00e3o eficaz<br \/>\nGest\u00e3o de faltas e atestados<br \/>\nOrienta\u00e7\u00e3o e treinamentos<br \/>\nControle de qualidade<\/p>\n<ul>\n<li>Local de trabalho: Rio de Janeiro, RJ<\/li>\n<li>Regime de contrata\u00e7\u00e3o de tipo: Efetivo \u2013 CLT<\/li>\n<li>Jornada: Per\u00edodo Integral<\/li>\n<li>\u00c1rea e especializa\u00e7\u00e3o profissional: Servi\u00e7os Gerais &#8211; Limpeza<\/li>\n<li>N\u00edvel hier\u00e1rquico: Supervisor<\/li>\n<\/ul>\n<p>VALORIZADO<\/p>\n<p>Tempo de experi\u00eancia: Entre 1 e 3 anos<\/p>\n<p>Escolaridade M\u00ednima: Ensino M\u00e9dio (2\u00ba Grau)<\/p>\n<p>Sal\u00e1rio: 2567,94<\/p>\n","protected":false},"excerpt":{"rendered":"<p>Oportunidade: A TOP SERVICE SERVICOS E SISTEMAS S\/A est\u00e1 abrindo uma vaga para o cargo de Inspetor de Servi\u00e7os. Se voc\u00ea busca um ambiente de trabalho din\u00e2mico e uma oportunidade de crescimento profissional, esta \u00e9 a chance ideal. Fun\u00e7\u00f5es: Gerenciar e coordenar as atividades de manuten\u00e7\u00e3o e inspe\u00e7\u00e3o dos servi\u00e7os prestados Acompanhar a execu\u00e7\u00e3o dos [&hellip;]<\/p>\n","protected":false},"author":1,"featured_media":0,"comment_status":"open","ping_status":"open","sticky":false,"template":"","format":"standard","meta":{"footnotes":""},"categories":[21],"tags":[],"class_list":["post-2932","post","type-post","status-publish","format-standard","hentry","category-rio-de-janeiro-rj"],"_links":{"self":[{"href":"https:\/\/vagas.portalemprego.com.br\/index.php?rest_route=\/wp\/v2\/posts\/2932","targetHints":{"allow":["GET"]}}],"collection":[{"href":"https:\/\/vagas.portalemprego.com.br\/index.php?rest_route=\/wp\/v2\/posts"}],"about":[{"href":"https:\/\/vagas.portalemprego.com.br\/index.php?rest_route=\/wp\/v2\/types\/post"}],"author":[{"embeddable":true,"href":"https:\/\/vagas.portalemprego.com.br\/index.php?rest_route=\/wp\/v2\/users\/1"}],"replies":[{"embeddable":true,"href":"https:\/\/vagas.portalemprego.com.br\/index.php?rest_route=%2Fwp%2Fv2%2Fcomments&post=2932"}],"version-history":[{"count":0,"href":"https:\/\/vagas.portalemprego.com.br\/index.php?rest_route=\/wp\/v2\/posts\/2932\/revisions"}],"wp:attachment":[{"href":"https:\/\/vagas.portalemprego.com.br\/index.php?rest_route=%2Fwp%2Fv2%2Fmedia&parent=2932"}],"wp:term":[{"taxonomy":"category","embeddable":true,"href":"https:\/\/vagas.portalemprego.com.br\/index.php?rest_route=%2Fwp%2Fv2%2Fcategories&post=2932"},{"taxonomy":"post_tag","embeddable":true,"href":"https:\/\/vagas.portalemprego.com.br\/index.php?rest_route=%2Fwp%2Fv2%2Ftags&post=2932"}],"curies":[{"name":"wp","href":"https:\/\/api.w.org\/{rel}","templated":true}]}}