{"id":2936,"date":"2026-04-29T06:28:28","date_gmt":"2026-04-29T09:28:28","guid":{"rendered":"https:\/\/vagas.portalemprego.com.br\/?p=2936"},"modified":"2026-04-29T06:28:28","modified_gmt":"2026-04-29T09:28:28","slug":"analista-de-assuntos-regulatorios-qualidade-rio-de-janeiro","status":"publish","type":"post","link":"https:\/\/vagas.portalemprego.com.br\/?p=2936","title":{"rendered":"Analista de Assuntos Regulat\u00f3rios &#8211; Qualidade &#8211; Rio de Janeiro"},"content":{"rendered":"<p>Vaga: Especialista T\u00e9cnico-Regulat\u00f3rio S\u00eanior<br \/>\nSegmento: Associa\u00e7\u00e3o do setor de energia (GLP)<br \/>\nLocal: Rio de Janeiro<br \/>\n Modelo de trabalho: Presencial<br \/>\nSobre a oportunidade<br \/>\nBuscamos um(a) profissional com forte perfil t\u00e9cnico e vis\u00e3o estrat\u00e9gica para atuar como refer\u00eancia em temas regulat\u00f3rios e an\u00e1lise de dados no setor de energia.<br \/>\nEssa posi\u00e7\u00e3o tem papel central no suporte \u00e0 Diretoria de Regula\u00e7\u00e3o, com alta exposi\u00e7\u00e3o institucional, participa\u00e7\u00e3o em discuss\u00f5es relevantes do setor e contribui\u00e7\u00e3o direta para decis\u00f5es estrat\u00e9gicas.<br \/>\nPrincipais responsabilidades<br \/>\n\u2022 Monitorar, interpretar e analisar o ambiente regulat\u00f3rio (ANP, Inmetro, ABNT e legisla\u00e7\u00f5es aplic\u00e1veis);<br \/>\n \u2022 Conduzir an\u00e1lises estat\u00edsticas e gerar intelig\u00eancia a partir de dados setoriais;<br \/>\n \u2022 Elaborar notas t\u00e9cnicas, estudos avan\u00e7ados, pareceres regulat\u00f3rios e an\u00e1lises de impacto (AIR);<br \/>\n \u2022 Representar a institui\u00e7\u00e3o em f\u00f3runs, comiss\u00f5es e grupos de trabalho;<br \/>\n \u2022 Desenvolver indicadores, dashboards e an\u00e1lises estrat\u00e9gicas;<br \/>\n \u2022 Atuar em conjunto com diferentes \u00e1reas, apoiando decis\u00f5es com profundidade t\u00e9cnica;<br \/>\n \u2022 Coordenar tecnicamente consultorias externas;<br \/>\n \u2022 Realizar pesquisas e gerar insights para posicionamento institucional.<br \/>\nRequisitos<br \/>\n\u2022 Ensino superior completo em Engenharia, Estat\u00edstica, Economia ou \u00e1reas correlatas;<br \/>\n \u2022 Experi\u00eancia s\u00f3lida com regula\u00e7\u00e3o no setor de energia ou combust\u00edveis;<br \/>\n \u2022 Viv\u00eancia com an\u00e1lise de dados, indicadores e intelig\u00eancia de mercado;<br \/>\n \u2022 Excel e PowerPoint avan\u00e7ados;<br \/>\n \u2022 Conhecimento do ambiente regulat\u00f3rio (ANP, Inmetro, ABNT).<br \/>\nDiferenciais<br \/>\n\u2022 P\u00f3s-gradua\u00e7\u00e3o em Regula\u00e7\u00e3o, Energia, Pol\u00edticas P\u00fablicas ou \u00e1reas correlatas;<br \/>\n \u2022 Experi\u00eancia com Power BI;<br \/>\n \u2022 Ingl\u00eas e\/ou Espanhol;<br \/>\n \u2022 Atua\u00e7\u00e3o pr\u00e9via em f\u00f3runs regulat\u00f3rios ou institui\u00e7\u00f5es do setor.<\/p>\n<ul>\n<li>Local de trabalho: Rio de Janeiro, RJ<\/li>\n<li>Regime de contrata\u00e7\u00e3o de tipo: Efetivo \u2013 CLT<\/li>\n<li>Jornada: Per\u00edodo Integral<\/li>\n<li>\u00c1rea e especializa\u00e7\u00e3o profissional: Qualidade &#8211; Qualidade de Servi\u00e7os<\/li>\n<li>N\u00edvel hier\u00e1rquico: Analista<\/li>\n<\/ul>\n<p>VALORIZADO<\/p>\n<p>Tempo de experi\u00eancia: Entre 5 e 10 anos<\/p>\n<p>Escolaridade M\u00ednima: P\u00f3s-gradua\u00e7\u00e3o &#8211; Especializa\u00e7\u00e3o\/MBA<\/p>\n","protected":false},"excerpt":{"rendered":"<p>Vaga: Especialista T\u00e9cnico-Regulat\u00f3rio S\u00eanior Segmento: Associa\u00e7\u00e3o do setor de energia (GLP) Local: Rio de Janeiro Modelo de trabalho: Presencial Sobre a oportunidade Buscamos um(a) profissional com forte perfil t\u00e9cnico e vis\u00e3o estrat\u00e9gica para atuar como refer\u00eancia em temas regulat\u00f3rios e an\u00e1lise de dados no setor de energia. Essa posi\u00e7\u00e3o tem papel central no suporte \u00e0 [&hellip;]<\/p>\n","protected":false},"author":1,"featured_media":0,"comment_status":"open","ping_status":"open","sticky":false,"template":"","format":"standard","meta":{"footnotes":""},"categories":[21],"tags":[],"class_list":["post-2936","post","type-post","status-publish","format-standard","hentry","category-rio-de-janeiro-rj"],"_links":{"self":[{"href":"https:\/\/vagas.portalemprego.com.br\/index.php?rest_route=\/wp\/v2\/posts\/2936","targetHints":{"allow":["GET"]}}],"collection":[{"href":"https:\/\/vagas.portalemprego.com.br\/index.php?rest_route=\/wp\/v2\/posts"}],"about":[{"href":"https:\/\/vagas.portalemprego.com.br\/index.php?rest_route=\/wp\/v2\/types\/post"}],"author":[{"embeddable":true,"href":"https:\/\/vagas.portalemprego.com.br\/index.php?rest_route=\/wp\/v2\/users\/1"}],"replies":[{"embeddable":true,"href":"https:\/\/vagas.portalemprego.com.br\/index.php?rest_route=%2Fwp%2Fv2%2Fcomments&post=2936"}],"version-history":[{"count":0,"href":"https:\/\/vagas.portalemprego.com.br\/index.php?rest_route=\/wp\/v2\/posts\/2936\/revisions"}],"wp:attachment":[{"href":"https:\/\/vagas.portalemprego.com.br\/index.php?rest_route=%2Fwp%2Fv2%2Fmedia&parent=2936"}],"wp:term":[{"taxonomy":"category","embeddable":true,"href":"https:\/\/vagas.portalemprego.com.br\/index.php?rest_route=%2Fwp%2Fv2%2Fcategories&post=2936"},{"taxonomy":"post_tag","embeddable":true,"href":"https:\/\/vagas.portalemprego.com.br\/index.php?rest_route=%2Fwp%2Fv2%2Ftags&post=2936"}],"curies":[{"name":"wp","href":"https:\/\/api.w.org\/{rel}","templated":true}]}}