{"id":2937,"date":"2026-04-29T06:28:28","date_gmt":"2026-04-29T09:28:28","guid":{"rendered":"https:\/\/vagas.portalemprego.com.br\/?p=2937"},"modified":"2026-04-29T06:28:28","modified_gmt":"2026-04-29T09:28:28","slug":"operadora-de-producao-industrial-producao-fabrica-rio-de-janeiro","status":"publish","type":"post","link":"https:\/\/vagas.portalemprego.com.br\/?p=2937","title":{"rendered":"Operador(a) de Produ\u00e7\u00e3o &#8211; Industrial, Produ\u00e7\u00e3o, F\u00e1brica &#8211; Rio de Janeiro"},"content":{"rendered":"<p>Voc\u00ea se identifica com trabalhos manuais e tem aten\u00e7\u00e3o aos detalhes, essa vaga pode ser para voc\u00ea! Como Operador(a) de Produ\u00e7\u00e3o, voc\u00ea ser\u00e1 pe\u00e7a-chave no processo de fabrica\u00e7\u00e3o de lentes oft\u00e1lmicas dentro do nosso laborat\u00f3rio \u00f3ptico.<br \/>\nO que voc\u00ea vai fazer?<br \/>\nOperar m\u00e1quinas de produ\u00e7\u00e3o de lentes com seguran\u00e7a e precis\u00e3o.<br \/>\nAbastecer a linha de produ\u00e7\u00e3o com materiais.<br \/>\nOrganizar bandejas e registrar servi\u00e7os no sistema.<br \/>\nRealizar pistolagem, confer\u00eancia e pequenos ajustes para garantir a qualidade final.<br \/>\nLimpar m\u00e1quinas e \u00e1rea de trabalho.<br \/>\nMonitorar prazos e comunicar poss\u00edveis atrasos.<br \/>\nQuem estamos buscando:<br \/>\nEnsino m\u00e9dio completo.<br \/>\nPerfil organizado, respons\u00e1vel e atento a detalhes.<br \/>\nInteresse em aprender e trabalhar com maquin\u00e1rio.<br \/>\nBoa comunica\u00e7\u00e3o e capacidade de trabalhar em equipe.<br \/>\nOutras informa\u00e7\u00f5es:<br \/>\nLocal de trabalho: S\u00e3o Crist\u00f3v\u00e3o \u2013 RJ<br \/>\nNossos turnos:<br \/>\n? Manh\u00e3: 6:30 \u00e0s 14:50h segunda \u00e0 s\u00e1bado.<br \/>\n? Tarde: 13:40h \u00e0s 22:00h segunda \u00e0 sexta e s\u00e1bados das 9:00 \u00e0s 17:20h.<br \/>\n? Noite: Das 22:00h \u00e0s 6:42h segunda \u00e0 sexta.<br \/>\nPor que escolher a Haytek?<br \/>\nNa Haytek, voc\u00ea encontra estabilidade para construir sua carreira, reconhecimento pelo seu esfor\u00e7o e espa\u00e7o para crescer junto com a empresa. Aqui, cada colaborador \u00e9 valorizado e tem a certeza de que seu trabalho faz a diferen\u00e7a, levando mais qualidade de vida para milhares de pessoas.<\/p>\n<ul>\n<li>N\u00famero de vagas: 3<\/li>\n<li>Local de trabalho: Rio de Janeiro, RJ<\/li>\n<li>Regime de contrata\u00e7\u00e3o de tipo: Efetivo \u2013 CLT<\/li>\n<li>Jornada: Per\u00edodo Integral<\/li>\n<li>\u00c1rea e especializa\u00e7\u00e3o profissional: Industrial, Produ\u00e7\u00e3o, F\u00e1brica &#8211; Operador de M\u00e1quinas<\/li>\n<li>N\u00edvel hier\u00e1rquico: Operacional<\/li>\n<\/ul>\n<p>VALORIZADO<\/p>\n<p>Tempo de experi\u00eancia: Entre 1 e 3 anos<\/p>\n<p>Escolaridade M\u00ednima: Ensino M\u00e9dio (2\u00ba Grau)<\/p>\n<ul>\n<li>Day-off (folga no anivers\u00e1rio)<\/li>\n<li>Conv\u00eanio Universidades (UVA, FGV e Est\u00e1cio)<\/li>\n<li>2 pares de lentes para \u00f3culos a cada ano<\/li>\n<li>Plano de sa\u00fade e odontol\u00f3gico Sulam\u00e9rica<\/li>\n<li>Empresa cidad\u00e3 (licen\u00e7a maternidade\/paternidade estendida)<\/li>\n<li>Totalpass<\/li>\n<li>Seguro de vida<\/li>\n<li>Vale transporte ou Vale Combust\u00edvel<\/li>\n<li>Conv\u00eanio Idiomas (Wizard)<\/li>\n<li>Servi\u00e7o de manicure na empresa<\/li>\n<li>Clude Sa\u00fade<\/li>\n<li>C4Life<\/li>\n<li>Gin\u00e1stica Laboral<\/li>\n<li>Empr\u00e9stimo consignado<\/li>\n<li>ILP (incentivo a longo prazo): Programa de a\u00e7\u00f5es para colaboradores que se tornam s\u00f3cios<\/li>\n<li>Vale Refei\u00e7\u00e3o\/Alimenta\u00e7\u00e3o no Flash<\/li>\n<\/ul>\n","protected":false},"excerpt":{"rendered":"<p>Voc\u00ea se identifica com trabalhos manuais e tem aten\u00e7\u00e3o aos detalhes, essa vaga pode ser para voc\u00ea! Como Operador(a) de Produ\u00e7\u00e3o, voc\u00ea ser\u00e1 pe\u00e7a-chave no processo de fabrica\u00e7\u00e3o de lentes oft\u00e1lmicas dentro do nosso laborat\u00f3rio \u00f3ptico. O que voc\u00ea vai fazer? Operar m\u00e1quinas de produ\u00e7\u00e3o de lentes com seguran\u00e7a e precis\u00e3o. Abastecer a linha de [&hellip;]<\/p>\n","protected":false},"author":1,"featured_media":0,"comment_status":"open","ping_status":"open","sticky":false,"template":"","format":"standard","meta":{"footnotes":""},"categories":[21],"tags":[],"class_list":["post-2937","post","type-post","status-publish","format-standard","hentry","category-rio-de-janeiro-rj"],"_links":{"self":[{"href":"https:\/\/vagas.portalemprego.com.br\/index.php?rest_route=\/wp\/v2\/posts\/2937","targetHints":{"allow":["GET"]}}],"collection":[{"href":"https:\/\/vagas.portalemprego.com.br\/index.php?rest_route=\/wp\/v2\/posts"}],"about":[{"href":"https:\/\/vagas.portalemprego.com.br\/index.php?rest_route=\/wp\/v2\/types\/post"}],"author":[{"embeddable":true,"href":"https:\/\/vagas.portalemprego.com.br\/index.php?rest_route=\/wp\/v2\/users\/1"}],"replies":[{"embeddable":true,"href":"https:\/\/vagas.portalemprego.com.br\/index.php?rest_route=%2Fwp%2Fv2%2Fcomments&post=2937"}],"version-history":[{"count":0,"href":"https:\/\/vagas.portalemprego.com.br\/index.php?rest_route=\/wp\/v2\/posts\/2937\/revisions"}],"wp:attachment":[{"href":"https:\/\/vagas.portalemprego.com.br\/index.php?rest_route=%2Fwp%2Fv2%2Fmedia&parent=2937"}],"wp:term":[{"taxonomy":"category","embeddable":true,"href":"https:\/\/vagas.portalemprego.com.br\/index.php?rest_route=%2Fwp%2Fv2%2Fcategories&post=2937"},{"taxonomy":"post_tag","embeddable":true,"href":"https:\/\/vagas.portalemprego.com.br\/index.php?rest_route=%2Fwp%2Fv2%2Ftags&post=2937"}],"curies":[{"name":"wp","href":"https:\/\/api.w.org\/{rel}","templated":true}]}}